{"id":5050,"date":"2025-09-19T08:51:47","date_gmt":"2025-09-19T06:51:47","guid":{"rendered":"https:\/\/www.onsen.it\/?p=5050"},"modified":"2025-09-19T09:47:36","modified_gmt":"2025-09-19T07:47:36","slug":"tratto","status":"publish","type":"post","link":"https:\/\/www.onsen.it\/fr\/tratto\/","title":{"rendered":"Tratto"},"content":{"rendered":"\n<section id=\"gm0da1885\" class=\"wp-block-gutentor-m3 alignfull section-gm0da1885 gutentor-module gutentor-container-cover has-color-bg has-custom-bg margine-standard margine-top-hero-section\"><div class=\"grid-container gutentor-rm-ct-space-d\">\n<div class=\"wp-block-columns alignwide are-vertically-aligned-center margine-top-hero-section-azienda auto-margine is-layout-flex wp-container-core-columns-is-layout-8f761849 wp-block-columns-is-layout-flex\">\n<div class=\"wp-block-column is-vertically-aligned-center is-layout-flow wp-block-column-is-layout-flow\">\n<div style=\"height:250px\" aria-hidden=\"true\" class=\"wp-block-spacer spazio-vuoto-news-mobile\"><\/div>\n\n\n\n<div class=\"wp-block-getwid-icon-box button-back has-icon-left has-text-center\"><div style=\"margin-top:20px\" class=\"wp-block-getwid-icon-box__icon-container is-position-middle\"><a href=\"https:\/\/www.onsen.it\/fr\/news\/\" rel=\"\" class=\"wp-block-getwid-icon-box__icon-wrapper has-text-color\" style=\"font-size:30px;color:#6d6d6d\"><i class=\"far fa-arrow-alt-circle-left\"><\/i><\/a><\/div><div class=\"wp-block-getwid-icon-box__content\">\n<h3 class=\"wp-block-heading has-text-color\" style=\"color:#6d6d6d\">Arri\u00e8re<\/h3>\n<\/div><\/div>\n\n\n\n<section id=\"gm118ae76\" class=\"wp-block-gutentor-m4 section-gm118ae76 gutentor-module gutentor-advanced-columns\"><div class=\"grid-container\"><div class=\"grid-row\">\n<div id=\"col-gmb94486\" class=\"wp-block-gutentor-m4-col col-gmb94486 gutentor-single-column  grid-lg-6 grid-md-12 grid-12\"><div id=\"section-gmb94486\" class=\"section-gmb94486 gutentor-col-wrap\"><h2 style=\"color:#6d6d6d;font-size:54px\" class=\"wp-block-post-title has-text-color\">Tratto<\/h2><\/div><\/div>\n\n\n\n<div id=\"col-gm7f5697\" class=\"wp-block-gutentor-m4-col col-gm7f5697 gutentor-single-column  grid-lg-6 grid-md-12 grid-12\"><div id=\"section-gm7f5697\" class=\"section-gm7f5697 gutentor-col-wrap\"><div style=\"color:#adadad;font-size:30px\" class=\"has-text-align-right format-testo-normale testo-data-news-mobile wp-block-post-date has-text-color\"><time datetime=\"2025-09-19T08:51:47+02:00\">19 septembre 2025<\/time><\/div><\/div><\/div>\n<\/div><\/div><\/section>\n\n\n\n<section id=\"gm672fb85\" class=\"wp-block-gutentor-m4 section-gm672fb85 gutentor-module gutentor-advanced-columns gutentor-equal-column-height\"><div class=\"grid-container\"><div class=\"grid-row\">\n<div id=\"col-gm9a2e09\" class=\"wp-block-gutentor-m4-col col-gm9a2e09 gutentor-single-column  grid-lg-12 grid-md-12 grid-12 margine-standard\"><div id=\"section-gm9a2e09\" class=\"section-gm9a2e09 gutentor-col-wrap\">\n<figure class=\"wp-block-image alignfull size-full margine-standard\"><img loading=\"lazy\" decoding=\"async\" width=\"966\" height=\"393\" src=\"https:\/\/www.onsen.it\/wp-content\/uploads\/2025\/09\/Tratto-per-banner-News.jpg\" alt=\"\" class=\"wp-image-5058\" srcset=\"https:\/\/www.onsen.it\/wp-content\/uploads\/2025\/09\/Tratto-per-banner-News.jpg 966w, https:\/\/www.onsen.it\/wp-content\/uploads\/2025\/09\/Tratto-per-banner-News-300x122.jpg 300w, https:\/\/www.onsen.it\/wp-content\/uploads\/2025\/09\/Tratto-per-banner-News-768x312.jpg 768w, https:\/\/www.onsen.it\/wp-content\/uploads\/2025\/09\/Tratto-per-banner-News-540x220.jpg 540w\" sizes=\"auto, (max-width: 966px) 100vw, 966px\" \/><\/figure>\n<\/div><\/div>\n<\/div><\/div><\/section>\n<\/div>\n<\/div>\n\n\n\n<div class=\"wp-block-columns are-vertically-aligned-center has-buttons-text-background-color has-background is-layout-flex wp-container-core-columns-is-layout-8f761849 wp-block-columns-is-layout-flex\">\n<div class=\"wp-block-column is-vertically-aligned-center is-layout-flow wp-block-column-is-layout-flow\">\n<section id=\"gm31c55c8\" class=\"wp-block-gutentor-m4 section-gm31c55c8 gutentor-module gutentor-advanced-columns\"><div class=\"grid-container\"><div class=\"grid-row\">\n<div id=\"col-gm85635c\" class=\"wp-block-gutentor-m4-col col-gm85635c gutentor-single-column  grid-lg-12 grid-md-12 grid-12\"><div id=\"section-gm85635c\" class=\"section-gm85635c gutentor-col-wrap\">\n<p class=\"has-text-align-left has-text-color wp-block-paragraph\" style=\"color:#1d1d1b;font-size:25px;font-style:normal;font-weight:300\">Tratto est une ligne de meubles de salle de bain qui associe recherche esth\u00e9tique et soin du d\u00e9tail.<br>Le projet est n\u00e9 du d\u00e9sir d\u2019enrichir les int\u00e9rieurs avec des surfaces travaill\u00e9es, des d\u00e9cors et des gravures qui \u00e9voquent des motifs classiques r\u00e9interpr\u00e9t\u00e9s dans un esprit contemporain.<\/p>\n\n\n\n<p class=\"has-text-align-left font-mobile-piccolo has-text-color wp-block-paragraph\" style=\"color:#6d6d6d;font-size:20px;font-style:normal;font-weight:300\">La collection Tratto se distingue par une combinaison harmonieuse d\u2019\u00e9l\u00e9ments : la porte avec cadre esth\u00e9tique, la poign\u00e9e \u00e0 gorge fonctionnelle et la possibilit\u00e9 de personnaliser le panneau central. Les variantes vont des surfaces lisses et lin\u00e9aires aux d\u00e9corations marqu\u00e9es, capables d\u2019imprimer une forte personnalit\u00e9 \u00e0 la salle de bain.<\/p>\n\n\n\n<p class=\"has-text-align-left has-text-color wp-block-paragraph\" style=\"color:#1d1d1b;font-size:25px;font-style:normal;font-weight:300\"><em>Propos\u00e9e avec une finition laqu\u00e9e mate, la s\u00e9rie offre de nombreuses options de personnalisation afin de s\u2019adapter \u00e0 diff\u00e9rents styles et go\u00fbts. Tratto repr\u00e9sente la synth\u00e8se parfaite entre \u00e9l\u00e9gance, recherche formelle et polyvalence conceptuelle.<\/em><\/p>\n\n\n\n<p class=\"has-text-align-left font-mobile-piccolo has-text-color wp-block-paragraph\" style=\"color:#6d6d6d;font-size:20px;font-style:normal;font-weight:300\">D\u00e9couvrez sur notre site toutes les configurations et laissez-vous inspirer par les possibilit\u00e9s infinies de cette nouvelle collection.<\/p>\n<\/div><\/div>\n<\/div><\/div><\/section>\n<\/div>\n<\/div>\n<\/div><\/section>\n\n\n\n<section id=\"gme9b2bd1\" class=\"wp-block-gutentor-m3 alignfull section-gme9b2bd1 gutentor-module gutentor-container-cover has-color-bg has-custom-bg\"><div class=\"grid-container gutentor-rm-ct-space-d\">\n<div class=\"wp-block-columns margine-standard has-background is-layout-flex wp-container-core-columns-is-layout-8f761849 wp-block-columns-is-layout-flex\" style=\"background-color:#e5e5e5\">\n<div class=\"wp-block-column is-layout-flow wp-block-column-is-layout-flow\">\n<section id=\"gm1d5e9e7\" class=\"wp-block-gutentor-m4 section-gm1d5e9e7 gutentor-module gutentor-advanced-columns\"><div class=\"grid-container\"><div class=\"grid-row\">\n<div id=\"col-gm62d13f\" class=\"wp-block-gutentor-m4-col col-gm62d13f gutentor-single-column  grid-lg-12 grid-md-12 grid-12\"><div id=\"section-gm62d13f\" class=\"section-gm62d13f gutentor-col-wrap\">\n<h2 class=\"wp-block-heading has-text-align-center has-text-color\" style=\"color:#6d6d6d;font-size:25px\">Les derni\u00e8res nouvelles<\/h2>\n\n\n<section class=\"gutentor-post-module section-e0142403-2a8b-4fee-98e4-fbb572bb353e gutentor-post-module-p1 gutentor_p1_template1 wp-block-gutentor-p1 gutentor-blog-grid\" id=\"\" data-gbid=\"e0142403-2a8b-4fee-98e4-fbb572bb353e\" >\n<div class='grid-container'><div class='grid-row' ><article class='gutentor-post  grid-lg-4 grid-md-4 grid-12'><div class='gutentor-post-item'><div class='gutentor-post-image-box'><div class=\"gutentor-image-thumb\"><img loading=\"lazy\" decoding=\"async\" width=\"900\" height=\"765\" src=\"https:\/\/www.onsen.it\/wp-content\/uploads\/2026\/06\/News-salone-copertina.jpg\" class=\"attachment-full size-full wp-post-image\" alt=\"\" srcset=\"https:\/\/www.onsen.it\/wp-content\/uploads\/2026\/06\/News-salone-copertina.jpg 900w, https:\/\/www.onsen.it\/wp-content\/uploads\/2026\/06\/News-salone-copertina-300x255.jpg 300w, https:\/\/www.onsen.it\/wp-content\/uploads\/2026\/06\/News-salone-copertina-768x653.jpg 768w, https:\/\/www.onsen.it\/wp-content\/uploads\/2026\/06\/News-salone-copertina-540x459.jpg 540w\" sizes=\"auto, (max-width: 900px) 100vw, 900px\" \/><\/div><\/div><div class=\"gutentor-post-title-data-wrap\"><h3 class=\"gutentor-post-title\"><a href=\"https:\/\/www.onsen.it\/fr\/salone-del-mobile-2026\/\" rel=\"bookmark\">Salone del Mobile 2026<\/a><\/h3><\/div><div class=\"gutentor-entry-meta gutentor-entry-meta-primary\"><div class=\"author vcard\"><i class=\"far fa-user\"><\/i><a href=\"https:\/\/www.onsen.it\/fr\/salone-del-mobile-2026\/\" rel=\"bookmark\">Pierpaolo<\/a><\/div><div class=\"posted-on\"><i class=\"far fa-calendar-alt\"><\/i><a href=\"https:\/\/www.onsen.it\/fr\/salone-del-mobile-2026\/\" rel=\"bookmark\">4 juin 2026<\/a><\/div><div class=\"gutentor-meta-categories\"><i class=\"fas fa-tags\"><\/i><a href=\"https:\/\/www.onsen.it\/fr\/category\/fiere-fr\/\" rel=\"category tag\">Foires<\/a><\/div><\/div><div class=\"gutentor-post-desc\">Nous avons pr\u00e9sent\u00e9 en avant-premi\u00e8re les nouvelles collections Onsen au Salone del Mobile Milano 20&hellip;<\/div><a class=\"gutentor-button gutentor-post-button gutentor-icon-after\"  href=\"https:\/\/www.onsen.it\/fr\/salone-del-mobile-2026\/\" href=\"https:\/\/www.onsen.it\/fr\/salone-del-mobile-2026\/\"><i class=\"gutentor-button-icon far fa-arrow-alt-circle-right\" ><\/i><span>Lisez<\/span><\/a><\/div><\/article><article class='gutentor-post  grid-lg-4 grid-md-4 grid-12'><div class='gutentor-post-item'><div class='gutentor-post-image-box'><div class=\"gutentor-image-thumb\"><img loading=\"lazy\" decoding=\"async\" width=\"900\" height=\"765\" src=\"https:\/\/www.onsen.it\/wp-content\/uploads\/2026\/06\/News-big5-2025-copertina.jpg\" class=\"attachment-full size-full wp-post-image\" alt=\"\" srcset=\"https:\/\/www.onsen.it\/wp-content\/uploads\/2026\/06\/News-big5-2025-copertina.jpg 900w, https:\/\/www.onsen.it\/wp-content\/uploads\/2026\/06\/News-big5-2025-copertina-300x255.jpg 300w, https:\/\/www.onsen.it\/wp-content\/uploads\/2026\/06\/News-big5-2025-copertina-768x653.jpg 768w, https:\/\/www.onsen.it\/wp-content\/uploads\/2026\/06\/News-big5-2025-copertina-540x459.jpg 540w\" sizes=\"auto, (max-width: 900px) 100vw, 900px\" \/><\/div><\/div><div class=\"gutentor-post-title-data-wrap\"><h3 class=\"gutentor-post-title\"><a href=\"https:\/\/www.onsen.it\/fr\/big-5-global-2025\/\" rel=\"bookmark\">Big 5 Global 2025<\/a><\/h3><\/div><div class=\"gutentor-entry-meta gutentor-entry-meta-primary\"><div class=\"author vcard\"><i class=\"far fa-user\"><\/i><a href=\"https:\/\/www.onsen.it\/fr\/big-5-global-2025\/\" rel=\"bookmark\">Pierpaolo<\/a><\/div><div class=\"posted-on\"><i class=\"far fa-calendar-alt\"><\/i><a href=\"https:\/\/www.onsen.it\/fr\/big-5-global-2025\/\" rel=\"bookmark\">4 juin 2026<\/a><\/div><div class=\"gutentor-meta-categories\"><i class=\"fas fa-tags\"><\/i><a href=\"https:\/\/www.onsen.it\/fr\/category\/fiere-fr\/\" rel=\"category tag\">Foires<\/a><\/div><\/div><div class=\"gutentor-post-desc\">Nous avons particip\u00e9 au Big 5 Dubai 2025 en pr\u00e9sentant les nouvelles collections Onsen&hellip;<\/div><a class=\"gutentor-button gutentor-post-button gutentor-icon-after\"  href=\"https:\/\/www.onsen.it\/fr\/big-5-global-2025\/\" href=\"https:\/\/www.onsen.it\/fr\/big-5-global-2025\/\"><i class=\"gutentor-button-icon far fa-arrow-alt-circle-right\" ><\/i><span>Lisez<\/span><\/a><\/div><\/article><article class='gutentor-post  grid-lg-4 grid-md-4 grid-12'><div class='gutentor-post-item'><div class='gutentor-post-image-box'><div class=\"gutentor-image-thumb\"><img loading=\"lazy\" decoding=\"async\" width=\"900\" height=\"765\" src=\"https:\/\/www.onsen.it\/wp-content\/uploads\/2025\/09\/Fusion-per-anteprima-News.jpg\" class=\"attachment-full size-full wp-post-image\" alt=\"\" srcset=\"https:\/\/www.onsen.it\/wp-content\/uploads\/2025\/09\/Fusion-per-anteprima-News.jpg 900w, https:\/\/www.onsen.it\/wp-content\/uploads\/2025\/09\/Fusion-per-anteprima-News-300x255.jpg 300w, https:\/\/www.onsen.it\/wp-content\/uploads\/2025\/09\/Fusion-per-anteprima-News-768x653.jpg 768w, https:\/\/www.onsen.it\/wp-content\/uploads\/2025\/09\/Fusion-per-anteprima-News-540x459.jpg 540w\" sizes=\"auto, (max-width: 900px) 100vw, 900px\" \/><\/div><\/div><div class=\"gutentor-post-title-data-wrap\"><h3 class=\"gutentor-post-title\"><a href=\"https:\/\/www.onsen.it\/fr\/fusion\/\" rel=\"bookmark\">Fusion<\/a><\/h3><\/div><div class=\"gutentor-entry-meta gutentor-entry-meta-primary\"><div class=\"author vcard\"><i class=\"far fa-user\"><\/i><a href=\"https:\/\/www.onsen.it\/fr\/fusion\/\" rel=\"bookmark\">Pierpaolo<\/a><\/div><div class=\"posted-on\"><i class=\"far fa-calendar-alt\"><\/i><a href=\"https:\/\/www.onsen.it\/fr\/fusion\/\" rel=\"bookmark\">19 septembre 2025<\/a><\/div><div class=\"gutentor-meta-categories\"><i class=\"fas fa-tags\"><\/i><a href=\"https:\/\/www.onsen.it\/fr\/category\/innovazione-fr\/\" rel=\"category tag\">Innovation<\/a><\/div><\/div><div class=\"gutentor-post-desc\">Fusion se distingue par ses surfaces m\u00e9talliques et ses reflets en aluminium qui apportent \u00e9l\u00e9gance &hellip;<\/div><a class=\"gutentor-button gutentor-post-button gutentor-icon-after\"  href=\"https:\/\/www.onsen.it\/fr\/fusion\/\" href=\"https:\/\/www.onsen.it\/fr\/fusion\/\"><i class=\"gutentor-button-icon far fa-arrow-alt-circle-right\" ><\/i><span>Lisez<\/span><\/a><\/div><\/article><\/div><\/div><\/section><\/div><\/div>\n<\/div><\/div><\/section>\n<\/div>\n<\/div>\n<\/div><\/section>\n","protected":false},"excerpt":{"rendered":"<p>Tratto se distingue par ses portes personnalisables avec d\u00e9cors et gravures au caract\u00e8re unique.<\/p>\n","protected":false},"author":2,"featured_media":5054,"comment_status":"closed","ping_status":"closed","sticky":false,"template":"","format":"standard","meta":{"footnotes":""},"categories":[35],"tags":[],"class_list":["post-5050","post","type-post","status-publish","format-standard","has-post-thumbnail","hentry","category-innovazione-fr"],"gutentor_comment":0,"yoast_head":"<!-- This site is optimized with the Yoast SEO plugin v27.9 - https:\/\/yoast.com\/product\/yoast-seo-wordpress\/ -->\n<title>Tratto - Onsen<\/title>\n<meta name=\"robots\" content=\"index, follow, max-snippet:-1, max-image-preview:large, max-video-preview:-1\" \/>\n<link rel=\"canonical\" href=\"https:\/\/www.onsen.it\/fr\/tratto\/\" \/>\n<meta property=\"og:locale\" content=\"fr_FR\" \/>\n<meta property=\"og:type\" content=\"article\" \/>\n<meta property=\"og:title\" content=\"Tratto - Onsen\" \/>\n<meta property=\"og:description\" content=\"Tratto se distingue par ses portes personnalisables avec d\u00e9cors et gravures au caract\u00e8re unique.\" \/>\n<meta property=\"og:url\" content=\"https:\/\/www.onsen.it\/fr\/tratto\/\" \/>\n<meta property=\"og:site_name\" content=\"Onsen\" \/>\n<meta property=\"article:published_time\" content=\"2025-09-19T06:51:47+00:00\" \/>\n<meta property=\"article:modified_time\" content=\"2025-09-19T07:47:36+00:00\" \/>\n<meta property=\"og:image\" content=\"https:\/\/www.onsen.it\/wp-content\/uploads\/2025\/09\/Tratto-per-anteprima-News.jpg\" \/>\n\t<meta property=\"og:image:width\" content=\"900\" \/>\n\t<meta property=\"og:image:height\" content=\"765\" \/>\n\t<meta property=\"og:image:type\" content=\"image\/jpeg\" \/>\n<meta name=\"author\" content=\"Pierpaolo\" \/>\n<meta name=\"twitter:card\" content=\"summary_large_image\" \/>\n<meta name=\"twitter:label1\" content=\"\u00c9crit par\" \/>\n\t<meta name=\"twitter:data1\" content=\"Pierpaolo\" \/>\n\t<meta name=\"twitter:label2\" content=\"Dur\u00e9e de lecture estim\u00e9e\" \/>\n\t<meta name=\"twitter:data2\" content=\"2 minutes\" \/>\n<script type=\"application\/ld+json\" class=\"yoast-schema-graph\">{\"@context\":\"https:\\\/\\\/schema.org\",\"@graph\":[{\"@type\":\"Article\",\"@id\":\"https:\\\/\\\/www.onsen.it\\\/fr\\\/tratto\\\/#article\",\"isPartOf\":{\"@id\":\"https:\\\/\\\/www.onsen.it\\\/fr\\\/tratto\\\/\"},\"author\":{\"name\":\"Pierpaolo\",\"@id\":\"https:\\\/\\\/www.onsen.it\\\/#\\\/schema\\\/person\\\/d64d64470d331b2f1dc6b96e2cba7d5d\"},\"headline\":\"Tratto\",\"datePublished\":\"2025-09-19T06:51:47+00:00\",\"dateModified\":\"2025-09-19T07:47:36+00:00\",\"mainEntityOfPage\":{\"@id\":\"https:\\\/\\\/www.onsen.it\\\/fr\\\/tratto\\\/\"},\"wordCount\":180,\"publisher\":{\"@id\":\"https:\\\/\\\/www.onsen.it\\\/#organization\"},\"image\":{\"@id\":\"https:\\\/\\\/www.onsen.it\\\/fr\\\/tratto\\\/#primaryimage\"},\"thumbnailUrl\":\"https:\\\/\\\/www.onsen.it\\\/wp-content\\\/uploads\\\/2025\\\/09\\\/Tratto-per-anteprima-News.jpg\",\"articleSection\":[\"Innovation\"],\"inLanguage\":\"fr-FR\"},{\"@type\":\"WebPage\",\"@id\":\"https:\\\/\\\/www.onsen.it\\\/fr\\\/tratto\\\/\",\"url\":\"https:\\\/\\\/www.onsen.it\\\/fr\\\/tratto\\\/\",\"name\":\"Tratto - Onsen\",\"isPartOf\":{\"@id\":\"https:\\\/\\\/www.onsen.it\\\/#website\"},\"primaryImageOfPage\":{\"@id\":\"https:\\\/\\\/www.onsen.it\\\/fr\\\/tratto\\\/#primaryimage\"},\"image\":{\"@id\":\"https:\\\/\\\/www.onsen.it\\\/fr\\\/tratto\\\/#primaryimage\"},\"thumbnailUrl\":\"https:\\\/\\\/www.onsen.it\\\/wp-content\\\/uploads\\\/2025\\\/09\\\/Tratto-per-anteprima-News.jpg\",\"datePublished\":\"2025-09-19T06:51:47+00:00\",\"dateModified\":\"2025-09-19T07:47:36+00:00\",\"inLanguage\":\"fr-FR\",\"potentialAction\":[{\"@type\":\"ReadAction\",\"target\":[\"https:\\\/\\\/www.onsen.it\\\/fr\\\/tratto\\\/\"]}]},{\"@type\":\"ImageObject\",\"inLanguage\":\"fr-FR\",\"@id\":\"https:\\\/\\\/www.onsen.it\\\/fr\\\/tratto\\\/#primaryimage\",\"url\":\"https:\\\/\\\/www.onsen.it\\\/wp-content\\\/uploads\\\/2025\\\/09\\\/Tratto-per-anteprima-News.jpg\",\"contentUrl\":\"https:\\\/\\\/www.onsen.it\\\/wp-content\\\/uploads\\\/2025\\\/09\\\/Tratto-per-anteprima-News.jpg\",\"width\":900,\"height\":765},{\"@type\":\"WebSite\",\"@id\":\"https:\\\/\\\/www.onsen.it\\\/#website\",\"url\":\"https:\\\/\\\/www.onsen.it\\\/\",\"name\":\"Onsen\",\"description\":\"Da ormai 40 anni Falegnameria Adriatica \u00e8 protagonista nel realizzare mobili e complementi da bagno coniugando, come nella migliore tradizione italiana, funzionalit\u00e0 e design.\",\"publisher\":{\"@id\":\"https:\\\/\\\/www.onsen.it\\\/#organization\"},\"potentialAction\":[{\"@type\":\"SearchAction\",\"target\":{\"@type\":\"EntryPoint\",\"urlTemplate\":\"https:\\\/\\\/www.onsen.it\\\/?s={search_term_string}\"},\"query-input\":{\"@type\":\"PropertyValueSpecification\",\"valueRequired\":true,\"valueName\":\"search_term_string\"}}],\"inLanguage\":\"fr-FR\"},{\"@type\":\"Organization\",\"@id\":\"https:\\\/\\\/www.onsen.it\\\/#organization\",\"name\":\"Onsen\",\"url\":\"https:\\\/\\\/www.onsen.it\\\/\",\"logo\":{\"@type\":\"ImageObject\",\"inLanguage\":\"fr-FR\",\"@id\":\"https:\\\/\\\/www.onsen.it\\\/#\\\/schema\\\/logo\\\/image\\\/\",\"url\":\"https:\\\/\\\/www.onsen.it\\\/wp-content\\\/uploads\\\/2023\\\/04\\\/Logo-Onsen-scuro.svg\",\"contentUrl\":\"https:\\\/\\\/www.onsen.it\\\/wp-content\\\/uploads\\\/2023\\\/04\\\/Logo-Onsen-scuro.svg\",\"width\":74,\"height\":46,\"caption\":\"Onsen\"},\"image\":{\"@id\":\"https:\\\/\\\/www.onsen.it\\\/#\\\/schema\\\/logo\\\/image\\\/\"}},{\"@type\":\"Person\",\"@id\":\"https:\\\/\\\/www.onsen.it\\\/#\\\/schema\\\/person\\\/d64d64470d331b2f1dc6b96e2cba7d5d\",\"name\":\"Pierpaolo\",\"image\":{\"@type\":\"ImageObject\",\"inLanguage\":\"fr-FR\",\"@id\":\"https:\\\/\\\/secure.gravatar.com\\\/avatar\\\/f2b7d7e3e6d64909e9534d6745de4d58ff67b56a8112fc5cade3313d76fd511a?s=96&d=mm&r=g\",\"url\":\"https:\\\/\\\/secure.gravatar.com\\\/avatar\\\/f2b7d7e3e6d64909e9534d6745de4d58ff67b56a8112fc5cade3313d76fd511a?s=96&d=mm&r=g\",\"contentUrl\":\"https:\\\/\\\/secure.gravatar.com\\\/avatar\\\/f2b7d7e3e6d64909e9534d6745de4d58ff67b56a8112fc5cade3313d76fd511a?s=96&d=mm&r=g\",\"caption\":\"Pierpaolo\"},\"url\":\"https:\\\/\\\/www.onsen.it\\\/fr\\\/author\\\/pierpaolo_onsen\\\/\"}]}<\/script>\n<!-- \/ Yoast SEO plugin. -->","yoast_head_json":{"title":"Tratto - Onsen","robots":{"index":"index","follow":"follow","max-snippet":"max-snippet:-1","max-image-preview":"max-image-preview:large","max-video-preview":"max-video-preview:-1"},"canonical":"https:\/\/www.onsen.it\/fr\/tratto\/","og_locale":"fr_FR","og_type":"article","og_title":"Tratto - Onsen","og_description":"Tratto se distingue par ses portes personnalisables avec d\u00e9cors et gravures au caract\u00e8re unique.","og_url":"https:\/\/www.onsen.it\/fr\/tratto\/","og_site_name":"Onsen","article_published_time":"2025-09-19T06:51:47+00:00","article_modified_time":"2025-09-19T07:47:36+00:00","og_image":[{"width":900,"height":765,"url":"https:\/\/www.onsen.it\/wp-content\/uploads\/2025\/09\/Tratto-per-anteprima-News.jpg","type":"image\/jpeg"}],"author":"Pierpaolo","twitter_card":"summary_large_image","twitter_misc":{"\u00c9crit par":"Pierpaolo","Dur\u00e9e de lecture estim\u00e9e":"2 minutes"},"schema":{"@context":"https:\/\/schema.org","@graph":[{"@type":"Article","@id":"https:\/\/www.onsen.it\/fr\/tratto\/#article","isPartOf":{"@id":"https:\/\/www.onsen.it\/fr\/tratto\/"},"author":{"name":"Pierpaolo","@id":"https:\/\/www.onsen.it\/#\/schema\/person\/d64d64470d331b2f1dc6b96e2cba7d5d"},"headline":"Tratto","datePublished":"2025-09-19T06:51:47+00:00","dateModified":"2025-09-19T07:47:36+00:00","mainEntityOfPage":{"@id":"https:\/\/www.onsen.it\/fr\/tratto\/"},"wordCount":180,"publisher":{"@id":"https:\/\/www.onsen.it\/#organization"},"image":{"@id":"https:\/\/www.onsen.it\/fr\/tratto\/#primaryimage"},"thumbnailUrl":"https:\/\/www.onsen.it\/wp-content\/uploads\/2025\/09\/Tratto-per-anteprima-News.jpg","articleSection":["Innovation"],"inLanguage":"fr-FR"},{"@type":"WebPage","@id":"https:\/\/www.onsen.it\/fr\/tratto\/","url":"https:\/\/www.onsen.it\/fr\/tratto\/","name":"Tratto - Onsen","isPartOf":{"@id":"https:\/\/www.onsen.it\/#website"},"primaryImageOfPage":{"@id":"https:\/\/www.onsen.it\/fr\/tratto\/#primaryimage"},"image":{"@id":"https:\/\/www.onsen.it\/fr\/tratto\/#primaryimage"},"thumbnailUrl":"https:\/\/www.onsen.it\/wp-content\/uploads\/2025\/09\/Tratto-per-anteprima-News.jpg","datePublished":"2025-09-19T06:51:47+00:00","dateModified":"2025-09-19T07:47:36+00:00","inLanguage":"fr-FR","potentialAction":[{"@type":"ReadAction","target":["https:\/\/www.onsen.it\/fr\/tratto\/"]}]},{"@type":"ImageObject","inLanguage":"fr-FR","@id":"https:\/\/www.onsen.it\/fr\/tratto\/#primaryimage","url":"https:\/\/www.onsen.it\/wp-content\/uploads\/2025\/09\/Tratto-per-anteprima-News.jpg","contentUrl":"https:\/\/www.onsen.it\/wp-content\/uploads\/2025\/09\/Tratto-per-anteprima-News.jpg","width":900,"height":765},{"@type":"WebSite","@id":"https:\/\/www.onsen.it\/#website","url":"https:\/\/www.onsen.it\/","name":"Onsen","description":"Da ormai 40 anni Falegnameria Adriatica \u00e8 protagonista nel realizzare mobili e complementi da bagno coniugando, come nella migliore tradizione italiana, funzionalit\u00e0 e design.","publisher":{"@id":"https:\/\/www.onsen.it\/#organization"},"potentialAction":[{"@type":"SearchAction","target":{"@type":"EntryPoint","urlTemplate":"https:\/\/www.onsen.it\/?s={search_term_string}"},"query-input":{"@type":"PropertyValueSpecification","valueRequired":true,"valueName":"search_term_string"}}],"inLanguage":"fr-FR"},{"@type":"Organization","@id":"https:\/\/www.onsen.it\/#organization","name":"Onsen","url":"https:\/\/www.onsen.it\/","logo":{"@type":"ImageObject","inLanguage":"fr-FR","@id":"https:\/\/www.onsen.it\/#\/schema\/logo\/image\/","url":"https:\/\/www.onsen.it\/wp-content\/uploads\/2023\/04\/Logo-Onsen-scuro.svg","contentUrl":"https:\/\/www.onsen.it\/wp-content\/uploads\/2023\/04\/Logo-Onsen-scuro.svg","width":74,"height":46,"caption":"Onsen"},"image":{"@id":"https:\/\/www.onsen.it\/#\/schema\/logo\/image\/"}},{"@type":"Person","@id":"https:\/\/www.onsen.it\/#\/schema\/person\/d64d64470d331b2f1dc6b96e2cba7d5d","name":"Pierpaolo","image":{"@type":"ImageObject","inLanguage":"fr-FR","@id":"https:\/\/secure.gravatar.com\/avatar\/f2b7d7e3e6d64909e9534d6745de4d58ff67b56a8112fc5cade3313d76fd511a?s=96&d=mm&r=g","url":"https:\/\/secure.gravatar.com\/avatar\/f2b7d7e3e6d64909e9534d6745de4d58ff67b56a8112fc5cade3313d76fd511a?s=96&d=mm&r=g","contentUrl":"https:\/\/secure.gravatar.com\/avatar\/f2b7d7e3e6d64909e9534d6745de4d58ff67b56a8112fc5cade3313d76fd511a?s=96&d=mm&r=g","caption":"Pierpaolo"},"url":"https:\/\/www.onsen.it\/fr\/author\/pierpaolo_onsen\/"}]}},"featured_image_src":"https:\/\/www.onsen.it\/wp-content\/uploads\/2025\/09\/Tratto-per-anteprima-News.jpg","featured_image_src_square":"https:\/\/www.onsen.it\/wp-content\/uploads\/2025\/09\/Tratto-per-anteprima-News.jpg","author_info":{"display_name":"Pierpaolo","author_link":"https:\/\/www.onsen.it\/fr\/author\/pierpaolo_onsen\/"},"rbea_author_info":{"display_name":"Pierpaolo","author_link":"https:\/\/www.onsen.it\/fr\/author\/pierpaolo_onsen\/"},"rbea_excerpt_info":"Tratto se distingue par ses portes personnalisables avec d\u00e9cors et gravures au caract\u00e8re unique.","category_list":"<a href=\"https:\/\/www.onsen.it\/fr\/category\/innovazione-fr\/\" rel=\"category tag\">Innovation<\/a>","comments_num":"0 comments","_links":{"self":[{"href":"https:\/\/www.onsen.it\/fr\/wp-json\/wp\/v2\/posts\/5050","targetHints":{"allow":["GET"]}}],"collection":[{"href":"https:\/\/www.onsen.it\/fr\/wp-json\/wp\/v2\/posts"}],"about":[{"href":"https:\/\/www.onsen.it\/fr\/wp-json\/wp\/v2\/types\/post"}],"author":[{"embeddable":true,"href":"https:\/\/www.onsen.it\/fr\/wp-json\/wp\/v2\/users\/2"}],"replies":[{"embeddable":true,"href":"https:\/\/www.onsen.it\/fr\/wp-json\/wp\/v2\/comments?post=5050"}],"version-history":[{"count":4,"href":"https:\/\/www.onsen.it\/fr\/wp-json\/wp\/v2\/posts\/5050\/revisions"}],"predecessor-version":[{"id":5090,"href":"https:\/\/www.onsen.it\/fr\/wp-json\/wp\/v2\/posts\/5050\/revisions\/5090"}],"wp:featuredmedia":[{"embeddable":true,"href":"https:\/\/www.onsen.it\/fr\/wp-json\/wp\/v2\/media\/5054"}],"wp:attachment":[{"href":"https:\/\/www.onsen.it\/fr\/wp-json\/wp\/v2\/media?parent=5050"}],"wp:term":[{"taxonomy":"category","embeddable":true,"href":"https:\/\/www.onsen.it\/fr\/wp-json\/wp\/v2\/categories?post=5050"},{"taxonomy":"post_tag","embeddable":true,"href":"https:\/\/www.onsen.it\/fr\/wp-json\/wp\/v2\/tags?post=5050"}],"curies":[{"name":"wp","href":"https:\/\/api.w.org\/{rel}","templated":true}]}}