{"id":4042,"date":"2025-01-29T16:53:13","date_gmt":"2025-01-29T15:53:13","guid":{"rendered":"https:\/\/www.onsen.it\/?p=4042"},"modified":"2025-02-25T11:56:22","modified_gmt":"2025-02-25T10:56:22","slug":"big-5-global-2024","status":"publish","type":"post","link":"https:\/\/www.onsen.it\/fr\/big-5-global-2024\/","title":{"rendered":"ISH 2025"},"content":{"rendered":"\n<section id=\"gm511117c\" class=\"wp-block-gutentor-m3 alignfull section-gm511117c gutentor-module gutentor-container-cover has-color-bg has-custom-bg margine-standard margine-top-hero-section\"><div class=\"grid-container gutentor-rm-ct-space-d\">\n<div class=\"wp-block-columns alignwide are-vertically-aligned-center margine-top-hero-section-azienda auto-margine is-layout-flex wp-container-core-columns-is-layout-8f761849 wp-block-columns-is-layout-flex\">\n<div class=\"wp-block-column is-vertically-aligned-center is-layout-flow wp-block-column-is-layout-flow\">\n<div style=\"height:250px\" aria-hidden=\"true\" class=\"wp-block-spacer spazio-vuoto-news-mobile\"><\/div>\n\n\n\n<div class=\"wp-block-getwid-icon-box button-back has-icon-left has-text-center\"><div style=\"margin-top:20px\" class=\"wp-block-getwid-icon-box__icon-container is-position-middle\"><a href=\"https:\/\/www.onsen.it\/fr\/news\/\" rel=\"\" class=\"wp-block-getwid-icon-box__icon-wrapper has-text-color\" style=\"font-size:30px;color:#6d6d6d\"><i class=\"far fa-arrow-alt-circle-left\"><\/i><\/a><\/div><div class=\"wp-block-getwid-icon-box__content\">\n<h3 class=\"wp-block-heading has-text-color\" style=\"color:#6d6d6d\">Arri\u00e8re<\/h3>\n<\/div><\/div>\n\n\n\n<section id=\"gm79d77b6\" class=\"wp-block-gutentor-m4 section-gm79d77b6 gutentor-module gutentor-advanced-columns\"><div class=\"grid-container\"><div class=\"grid-row\">\n<div id=\"col-gma0c529\" class=\"wp-block-gutentor-m4-col col-gma0c529 gutentor-single-column  grid-lg-6 grid-md-12 grid-12\"><div id=\"section-gma0c529\" class=\"section-gma0c529 gutentor-col-wrap\"><h2 style=\"color:#6d6d6d;font-size:54px\" class=\"wp-block-post-title has-text-color\">ISH 2025<\/h2><\/div><\/div>\n\n\n\n<div id=\"col-gm1bde08\" class=\"wp-block-gutentor-m4-col col-gm1bde08 gutentor-single-column  grid-lg-6 grid-md-12 grid-12\"><div id=\"section-gm1bde08\" class=\"section-gm1bde08 gutentor-col-wrap\"><div style=\"color:#adadad;font-size:30px\" class=\"has-text-align-right format-testo-normale testo-data-news-mobile wp-block-post-date has-text-color\"><time datetime=\"2025-01-29T16:53:13+01:00\">29 janvier 2025<\/time><\/div><\/div><\/div>\n<\/div><\/div><\/section>\n\n\n\n<section id=\"gmb3dca31\" class=\"wp-block-gutentor-m4 section-gmb3dca31 gutentor-module gutentor-advanced-columns gutentor-equal-column-height\"><div class=\"grid-container\"><div class=\"grid-row\">\n<div id=\"col-gmc199b3\" class=\"wp-block-gutentor-m4-col col-gmc199b3 gutentor-single-column  grid-lg-12 grid-md-12 grid-12 margine-standard\"><div id=\"section-gmc199b3\" class=\"section-gmc199b3 gutentor-col-wrap\">\n<figure class=\"wp-block-image alignfull size-full margine-standard\"><img loading=\"lazy\" decoding=\"async\" width=\"966\" height=\"393\" src=\"https:\/\/www.onsen.it\/wp-content\/uploads\/2025\/01\/Volantino-ISH-2025-per-banner.jpg\" alt=\"\" class=\"wp-image-4050\" srcset=\"https:\/\/www.onsen.it\/wp-content\/uploads\/2025\/01\/Volantino-ISH-2025-per-banner.jpg 966w, https:\/\/www.onsen.it\/wp-content\/uploads\/2025\/01\/Volantino-ISH-2025-per-banner-300x122.jpg 300w, https:\/\/www.onsen.it\/wp-content\/uploads\/2025\/01\/Volantino-ISH-2025-per-banner-768x312.jpg 768w, https:\/\/www.onsen.it\/wp-content\/uploads\/2025\/01\/Volantino-ISH-2025-per-banner-540x220.jpg 540w\" sizes=\"auto, (max-width: 966px) 100vw, 966px\" \/><\/figure>\n<\/div><\/div>\n<\/div><\/div><\/section>\n<\/div>\n<\/div>\n\n\n\n<div class=\"wp-block-columns are-vertically-aligned-center has-buttons-text-background-color has-background is-layout-flex wp-container-core-columns-is-layout-8f761849 wp-block-columns-is-layout-flex\">\n<div class=\"wp-block-column is-vertically-aligned-center is-layout-flow wp-block-column-is-layout-flow\">\n<section id=\"gm071e581\" class=\"wp-block-gutentor-m4 section-gm071e581 gutentor-module gutentor-advanced-columns\"><div class=\"grid-container\"><div class=\"grid-row\">\n<div id=\"col-gm669a79\" class=\"wp-block-gutentor-m4-col col-gm669a79 gutentor-single-column  grid-lg-12 grid-md-12 grid-12\"><div id=\"section-gm669a79\" class=\"section-gm669a79 gutentor-col-wrap\">\n<p class=\"has-text-align-left has-text-color wp-block-paragraph\" style=\"color:#1d1d1b;font-size:25px;font-style:normal;font-weight:300\">\u201cFalegnameria Adriatica au salon ISH de Francfort-sur-le-Main\u201d<\/p>\n\n\n\n<p class=\"has-text-align-left font-mobile-piccolo has-text-color wp-block-paragraph\" style=\"color:#6d6d6d;font-size:20px;font-style:normal;font-weight:300\">Nous sommes ravis d\u2019annoncer que Falegnameria Adriatica sera pr\u00e9sente au salon ISH de Francfort-sur-le-Main, l\u2019\u00e9v\u00e9nement mondial de r\u00e9f\u00e9rence d\u00e9di\u00e9 \u00e0 la construction, au design et aux technologies durables.<\/p>\n\n\n\n<p class=\"has-text-align-left has-text-color wp-block-paragraph\" style=\"color:#1d1d1b;font-size:25px;font-style:normal;font-weight:300\"><em><em>Du 17 au 21 mars 2025, nous vous attendons dans la Hall 5.1, Stand C57, o\u00f9 nous pr\u00e9senterons nos derni\u00e8res collections.<\/em><\/em><\/p>\n\n\n\n<p class=\"has-text-align-left font-mobile-piccolo has-text-color wp-block-paragraph\" style=\"color:#6d6d6d;font-size:20px;font-style:normal;font-weight:300\">Contactez-nous pour recevoir votre billet d\u2019entr\u00e9e et toutes les informations n\u00e9cessaires pour nous joindre.<\/p>\n\n\n\n<p class=\"has-text-align-left has-text-color wp-block-paragraph\" style=\"color:#1d1d1b;font-size:25px;font-style:normal;font-weight:300\"><em>Venez nous rendre visite!<\/em><\/p>\n<\/div><\/div>\n<\/div><\/div><\/section>\n<\/div>\n<\/div>\n<\/div><\/section>\n\n\n\n<section id=\"gm8d9d433\" class=\"wp-block-gutentor-m3 alignfull section-gm8d9d433 gutentor-module gutentor-container-cover has-color-bg has-custom-bg\"><div class=\"grid-container gutentor-rm-ct-space-d\">\n<div class=\"wp-block-columns margine-standard has-background is-layout-flex wp-container-core-columns-is-layout-8f761849 wp-block-columns-is-layout-flex\" style=\"background-color:#e5e5e5\">\n<div class=\"wp-block-column is-layout-flow wp-block-column-is-layout-flow\">\n<section id=\"gme927659\" class=\"wp-block-gutentor-m4 section-gme927659 gutentor-module gutentor-advanced-columns\"><div class=\"grid-container\"><div class=\"grid-row\">\n<div id=\"col-gm730cf5\" class=\"wp-block-gutentor-m4-col col-gm730cf5 gutentor-single-column  grid-lg-12 grid-md-12 grid-12\"><div id=\"section-gm730cf5\" class=\"section-gm730cf5 gutentor-col-wrap\">\n<h2 class=\"wp-block-heading has-text-align-center has-text-color\" style=\"color:#6d6d6d;font-size:25px\">Les derni\u00e8res nouvelles<\/h2>\n\n\n<section class=\"gutentor-post-module section-2d6967ce-b73d-49a9-a60e-edb915522c69 gutentor-post-module-p1 gutentor_p1_template1 wp-block-gutentor-p1 gutentor-blog-grid\" id=\"\" data-gbid=\"2d6967ce-b73d-49a9-a60e-edb915522c69\" >\n<div class='grid-container'><div class='grid-row' ><article class='gutentor-post  grid-lg-4 grid-md-4 grid-12'><div class='gutentor-post-item'><div class='gutentor-post-image-box'><div class=\"gutentor-image-thumb\"><img loading=\"lazy\" decoding=\"async\" width=\"900\" height=\"765\" src=\"https:\/\/www.onsen.it\/wp-content\/uploads\/2026\/06\/News-salone-copertina.jpg\" class=\"attachment-full size-full wp-post-image\" alt=\"\" srcset=\"https:\/\/www.onsen.it\/wp-content\/uploads\/2026\/06\/News-salone-copertina.jpg 900w, https:\/\/www.onsen.it\/wp-content\/uploads\/2026\/06\/News-salone-copertina-300x255.jpg 300w, https:\/\/www.onsen.it\/wp-content\/uploads\/2026\/06\/News-salone-copertina-768x653.jpg 768w, https:\/\/www.onsen.it\/wp-content\/uploads\/2026\/06\/News-salone-copertina-540x459.jpg 540w\" sizes=\"auto, (max-width: 900px) 100vw, 900px\" \/><\/div><\/div><div class=\"gutentor-post-title-data-wrap\"><h3 class=\"gutentor-post-title\"><a href=\"https:\/\/www.onsen.it\/fr\/salone-del-mobile-2026\/\" rel=\"bookmark\">Salone del Mobile 2026<\/a><\/h3><\/div><div class=\"gutentor-entry-meta gutentor-entry-meta-primary\"><div class=\"author vcard\"><i class=\"far fa-user\"><\/i><a href=\"https:\/\/www.onsen.it\/fr\/salone-del-mobile-2026\/\" rel=\"bookmark\">Pierpaolo<\/a><\/div><div class=\"posted-on\"><i class=\"far fa-calendar-alt\"><\/i><a href=\"https:\/\/www.onsen.it\/fr\/salone-del-mobile-2026\/\" rel=\"bookmark\">4 juin 2026<\/a><\/div><div class=\"gutentor-meta-categories\"><i class=\"fas fa-tags\"><\/i><a href=\"https:\/\/www.onsen.it\/fr\/category\/fiere-fr\/\" rel=\"category tag\">Foires<\/a><\/div><\/div><div class=\"gutentor-post-desc\">Nous avons pr\u00e9sent\u00e9 en avant-premi\u00e8re les nouvelles collections Onsen au Salone del Mobile Milano 20&hellip;<\/div><a class=\"gutentor-button gutentor-post-button gutentor-icon-after\"  href=\"https:\/\/www.onsen.it\/fr\/salone-del-mobile-2026\/\" href=\"https:\/\/www.onsen.it\/fr\/salone-del-mobile-2026\/\"><i class=\"gutentor-button-icon far fa-arrow-alt-circle-right\" ><\/i><span>Lisez<\/span><\/a><\/div><\/article><article class='gutentor-post  grid-lg-4 grid-md-4 grid-12'><div class='gutentor-post-item'><div class='gutentor-post-image-box'><div class=\"gutentor-image-thumb\"><img loading=\"lazy\" decoding=\"async\" width=\"900\" height=\"765\" src=\"https:\/\/www.onsen.it\/wp-content\/uploads\/2026\/06\/News-big5-2025-copertina.jpg\" class=\"attachment-full size-full wp-post-image\" alt=\"\" srcset=\"https:\/\/www.onsen.it\/wp-content\/uploads\/2026\/06\/News-big5-2025-copertina.jpg 900w, https:\/\/www.onsen.it\/wp-content\/uploads\/2026\/06\/News-big5-2025-copertina-300x255.jpg 300w, https:\/\/www.onsen.it\/wp-content\/uploads\/2026\/06\/News-big5-2025-copertina-768x653.jpg 768w, https:\/\/www.onsen.it\/wp-content\/uploads\/2026\/06\/News-big5-2025-copertina-540x459.jpg 540w\" sizes=\"auto, (max-width: 900px) 100vw, 900px\" \/><\/div><\/div><div class=\"gutentor-post-title-data-wrap\"><h3 class=\"gutentor-post-title\"><a href=\"https:\/\/www.onsen.it\/fr\/big-5-global-2025\/\" rel=\"bookmark\">Big 5 Global 2025<\/a><\/h3><\/div><div class=\"gutentor-entry-meta gutentor-entry-meta-primary\"><div class=\"author vcard\"><i class=\"far fa-user\"><\/i><a href=\"https:\/\/www.onsen.it\/fr\/big-5-global-2025\/\" rel=\"bookmark\">Pierpaolo<\/a><\/div><div class=\"posted-on\"><i class=\"far fa-calendar-alt\"><\/i><a href=\"https:\/\/www.onsen.it\/fr\/big-5-global-2025\/\" rel=\"bookmark\">4 juin 2026<\/a><\/div><div class=\"gutentor-meta-categories\"><i class=\"fas fa-tags\"><\/i><a href=\"https:\/\/www.onsen.it\/fr\/category\/fiere-fr\/\" rel=\"category tag\">Foires<\/a><\/div><\/div><div class=\"gutentor-post-desc\">Nous avons particip\u00e9 au Big 5 Dubai 2025 en pr\u00e9sentant les nouvelles collections Onsen&hellip;<\/div><a class=\"gutentor-button gutentor-post-button gutentor-icon-after\"  href=\"https:\/\/www.onsen.it\/fr\/big-5-global-2025\/\" href=\"https:\/\/www.onsen.it\/fr\/big-5-global-2025\/\"><i class=\"gutentor-button-icon far fa-arrow-alt-circle-right\" ><\/i><span>Lisez<\/span><\/a><\/div><\/article><article class='gutentor-post  grid-lg-4 grid-md-4 grid-12'><div class='gutentor-post-item'><div class='gutentor-post-image-box'><div class=\"gutentor-image-thumb\"><img loading=\"lazy\" decoding=\"async\" width=\"900\" height=\"765\" src=\"https:\/\/www.onsen.it\/wp-content\/uploads\/2025\/09\/Fusion-per-anteprima-News.jpg\" class=\"attachment-full size-full wp-post-image\" alt=\"\" srcset=\"https:\/\/www.onsen.it\/wp-content\/uploads\/2025\/09\/Fusion-per-anteprima-News.jpg 900w, https:\/\/www.onsen.it\/wp-content\/uploads\/2025\/09\/Fusion-per-anteprima-News-300x255.jpg 300w, https:\/\/www.onsen.it\/wp-content\/uploads\/2025\/09\/Fusion-per-anteprima-News-768x653.jpg 768w, https:\/\/www.onsen.it\/wp-content\/uploads\/2025\/09\/Fusion-per-anteprima-News-540x459.jpg 540w\" sizes=\"auto, (max-width: 900px) 100vw, 900px\" \/><\/div><\/div><div class=\"gutentor-post-title-data-wrap\"><h3 class=\"gutentor-post-title\"><a href=\"https:\/\/www.onsen.it\/fr\/fusion\/\" rel=\"bookmark\">Fusion<\/a><\/h3><\/div><div class=\"gutentor-entry-meta gutentor-entry-meta-primary\"><div class=\"author vcard\"><i class=\"far fa-user\"><\/i><a href=\"https:\/\/www.onsen.it\/fr\/fusion\/\" rel=\"bookmark\">Pierpaolo<\/a><\/div><div class=\"posted-on\"><i class=\"far fa-calendar-alt\"><\/i><a href=\"https:\/\/www.onsen.it\/fr\/fusion\/\" rel=\"bookmark\">19 septembre 2025<\/a><\/div><div class=\"gutentor-meta-categories\"><i class=\"fas fa-tags\"><\/i><a href=\"https:\/\/www.onsen.it\/fr\/category\/innovazione-fr\/\" rel=\"category tag\">Innovation<\/a><\/div><\/div><div class=\"gutentor-post-desc\">Fusion se distingue par ses surfaces m\u00e9talliques et ses reflets en aluminium qui apportent \u00e9l\u00e9gance &hellip;<\/div><a class=\"gutentor-button gutentor-post-button gutentor-icon-after\"  href=\"https:\/\/www.onsen.it\/fr\/fusion\/\" href=\"https:\/\/www.onsen.it\/fr\/fusion\/\"><i class=\"gutentor-button-icon far fa-arrow-alt-circle-right\" ><\/i><span>Lisez<\/span><\/a><\/div><\/article><\/div><\/div><\/section><\/div><\/div>\n<\/div><\/div><\/section>\n<\/div>\n<\/div>\n<\/div><\/section>\n","protected":false},"excerpt":{"rendered":"<p>Nous serons pr\u00e9sents \u00e0 l&rsquo;ISH \u00e0 Francfort-sur-le-Main du 17 au 21 mars au stand C57 Hall 5.1 avec de nouvelles collections<\/p>\n","protected":false},"author":2,"featured_media":4046,"comment_status":"closed","ping_status":"closed","sticky":false,"template":"","format":"standard","meta":{"footnotes":""},"categories":[39],"tags":[],"class_list":["post-4042","post","type-post","status-publish","format-standard","has-post-thumbnail","hentry","category-fiere-fr"],"gutentor_comment":0,"yoast_head":"<!-- This site is optimized with the Yoast SEO plugin v27.9 - https:\/\/yoast.com\/product\/yoast-seo-wordpress\/ -->\n<title>ISH 2025 - Onsen<\/title>\n<meta name=\"robots\" content=\"index, follow, max-snippet:-1, max-image-preview:large, max-video-preview:-1\" \/>\n<link rel=\"canonical\" href=\"https:\/\/www.onsen.it\/fr\/big-5-global-2024\/\" \/>\n<meta property=\"og:locale\" content=\"fr_FR\" \/>\n<meta property=\"og:type\" content=\"article\" \/>\n<meta property=\"og:title\" content=\"ISH 2025 - Onsen\" \/>\n<meta property=\"og:description\" content=\"Nous serons pr\u00e9sents \u00e0 l&#039;ISH \u00e0 Francfort-sur-le-Main du 17 au 21 mars au stand C57 Hall 5.1 avec de nouvelles collections\" \/>\n<meta property=\"og:url\" content=\"https:\/\/www.onsen.it\/fr\/big-5-global-2024\/\" \/>\n<meta property=\"og:site_name\" content=\"Onsen\" \/>\n<meta property=\"article:published_time\" content=\"2025-01-29T15:53:13+00:00\" \/>\n<meta property=\"article:modified_time\" content=\"2025-02-25T10:56:22+00:00\" \/>\n<meta property=\"og:image\" content=\"https:\/\/www.onsen.it\/wp-content\/uploads\/2025\/01\/Volantino-ISH-2025-per-anteprima.jpg\" \/>\n\t<meta property=\"og:image:width\" content=\"900\" \/>\n\t<meta property=\"og:image:height\" content=\"765\" \/>\n\t<meta property=\"og:image:type\" content=\"image\/jpeg\" \/>\n<meta name=\"author\" content=\"Pierpaolo\" \/>\n<meta name=\"twitter:card\" content=\"summary_large_image\" \/>\n<meta name=\"twitter:label1\" content=\"\u00c9crit par\" \/>\n\t<meta name=\"twitter:data1\" content=\"Pierpaolo\" \/>\n\t<meta name=\"twitter:label2\" content=\"Dur\u00e9e de lecture estim\u00e9e\" \/>\n\t<meta name=\"twitter:data2\" content=\"1 minute\" \/>\n<script type=\"application\/ld+json\" class=\"yoast-schema-graph\">{\"@context\":\"https:\\\/\\\/schema.org\",\"@graph\":[{\"@type\":\"Article\",\"@id\":\"https:\\\/\\\/www.onsen.it\\\/fr\\\/big-5-global-2024\\\/#article\",\"isPartOf\":{\"@id\":\"https:\\\/\\\/www.onsen.it\\\/fr\\\/big-5-global-2024\\\/\"},\"author\":{\"name\":\"Pierpaolo\",\"@id\":\"https:\\\/\\\/www.onsen.it\\\/#\\\/schema\\\/person\\\/d64d64470d331b2f1dc6b96e2cba7d5d\"},\"headline\":\"ISH 2025\",\"datePublished\":\"2025-01-29T15:53:13+00:00\",\"dateModified\":\"2025-02-25T10:56:22+00:00\",\"mainEntityOfPage\":{\"@id\":\"https:\\\/\\\/www.onsen.it\\\/fr\\\/big-5-global-2024\\\/\"},\"wordCount\":88,\"publisher\":{\"@id\":\"https:\\\/\\\/www.onsen.it\\\/#organization\"},\"image\":{\"@id\":\"https:\\\/\\\/www.onsen.it\\\/fr\\\/big-5-global-2024\\\/#primaryimage\"},\"thumbnailUrl\":\"https:\\\/\\\/www.onsen.it\\\/wp-content\\\/uploads\\\/2025\\\/01\\\/Volantino-ISH-2025-per-anteprima.jpg\",\"articleSection\":[\"Foires\"],\"inLanguage\":\"fr-FR\"},{\"@type\":\"WebPage\",\"@id\":\"https:\\\/\\\/www.onsen.it\\\/fr\\\/big-5-global-2024\\\/\",\"url\":\"https:\\\/\\\/www.onsen.it\\\/fr\\\/big-5-global-2024\\\/\",\"name\":\"ISH 2025 - Onsen\",\"isPartOf\":{\"@id\":\"https:\\\/\\\/www.onsen.it\\\/#website\"},\"primaryImageOfPage\":{\"@id\":\"https:\\\/\\\/www.onsen.it\\\/fr\\\/big-5-global-2024\\\/#primaryimage\"},\"image\":{\"@id\":\"https:\\\/\\\/www.onsen.it\\\/fr\\\/big-5-global-2024\\\/#primaryimage\"},\"thumbnailUrl\":\"https:\\\/\\\/www.onsen.it\\\/wp-content\\\/uploads\\\/2025\\\/01\\\/Volantino-ISH-2025-per-anteprima.jpg\",\"datePublished\":\"2025-01-29T15:53:13+00:00\",\"dateModified\":\"2025-02-25T10:56:22+00:00\",\"inLanguage\":\"fr-FR\",\"potentialAction\":[{\"@type\":\"ReadAction\",\"target\":[\"https:\\\/\\\/www.onsen.it\\\/fr\\\/big-5-global-2024\\\/\"]}]},{\"@type\":\"ImageObject\",\"inLanguage\":\"fr-FR\",\"@id\":\"https:\\\/\\\/www.onsen.it\\\/fr\\\/big-5-global-2024\\\/#primaryimage\",\"url\":\"https:\\\/\\\/www.onsen.it\\\/wp-content\\\/uploads\\\/2025\\\/01\\\/Volantino-ISH-2025-per-anteprima.jpg\",\"contentUrl\":\"https:\\\/\\\/www.onsen.it\\\/wp-content\\\/uploads\\\/2025\\\/01\\\/Volantino-ISH-2025-per-anteprima.jpg\",\"width\":900,\"height\":765},{\"@type\":\"WebSite\",\"@id\":\"https:\\\/\\\/www.onsen.it\\\/#website\",\"url\":\"https:\\\/\\\/www.onsen.it\\\/\",\"name\":\"Onsen\",\"description\":\"Da ormai 40 anni Falegnameria Adriatica \u00e8 protagonista nel realizzare mobili e complementi da bagno coniugando, come nella migliore tradizione italiana, funzionalit\u00e0 e design.\",\"publisher\":{\"@id\":\"https:\\\/\\\/www.onsen.it\\\/#organization\"},\"potentialAction\":[{\"@type\":\"SearchAction\",\"target\":{\"@type\":\"EntryPoint\",\"urlTemplate\":\"https:\\\/\\\/www.onsen.it\\\/?s={search_term_string}\"},\"query-input\":{\"@type\":\"PropertyValueSpecification\",\"valueRequired\":true,\"valueName\":\"search_term_string\"}}],\"inLanguage\":\"fr-FR\"},{\"@type\":\"Organization\",\"@id\":\"https:\\\/\\\/www.onsen.it\\\/#organization\",\"name\":\"Onsen\",\"url\":\"https:\\\/\\\/www.onsen.it\\\/\",\"logo\":{\"@type\":\"ImageObject\",\"inLanguage\":\"fr-FR\",\"@id\":\"https:\\\/\\\/www.onsen.it\\\/#\\\/schema\\\/logo\\\/image\\\/\",\"url\":\"https:\\\/\\\/www.onsen.it\\\/wp-content\\\/uploads\\\/2023\\\/04\\\/Logo-Onsen-scuro.svg\",\"contentUrl\":\"https:\\\/\\\/www.onsen.it\\\/wp-content\\\/uploads\\\/2023\\\/04\\\/Logo-Onsen-scuro.svg\",\"width\":74,\"height\":46,\"caption\":\"Onsen\"},\"image\":{\"@id\":\"https:\\\/\\\/www.onsen.it\\\/#\\\/schema\\\/logo\\\/image\\\/\"}},{\"@type\":\"Person\",\"@id\":\"https:\\\/\\\/www.onsen.it\\\/#\\\/schema\\\/person\\\/d64d64470d331b2f1dc6b96e2cba7d5d\",\"name\":\"Pierpaolo\",\"image\":{\"@type\":\"ImageObject\",\"inLanguage\":\"fr-FR\",\"@id\":\"https:\\\/\\\/secure.gravatar.com\\\/avatar\\\/f2b7d7e3e6d64909e9534d6745de4d58ff67b56a8112fc5cade3313d76fd511a?s=96&d=mm&r=g\",\"url\":\"https:\\\/\\\/secure.gravatar.com\\\/avatar\\\/f2b7d7e3e6d64909e9534d6745de4d58ff67b56a8112fc5cade3313d76fd511a?s=96&d=mm&r=g\",\"contentUrl\":\"https:\\\/\\\/secure.gravatar.com\\\/avatar\\\/f2b7d7e3e6d64909e9534d6745de4d58ff67b56a8112fc5cade3313d76fd511a?s=96&d=mm&r=g\",\"caption\":\"Pierpaolo\"},\"url\":\"https:\\\/\\\/www.onsen.it\\\/fr\\\/author\\\/pierpaolo_onsen\\\/\"}]}<\/script>\n<!-- \/ Yoast SEO plugin. -->","yoast_head_json":{"title":"ISH 2025 - Onsen","robots":{"index":"index","follow":"follow","max-snippet":"max-snippet:-1","max-image-preview":"max-image-preview:large","max-video-preview":"max-video-preview:-1"},"canonical":"https:\/\/www.onsen.it\/fr\/big-5-global-2024\/","og_locale":"fr_FR","og_type":"article","og_title":"ISH 2025 - Onsen","og_description":"Nous serons pr\u00e9sents \u00e0 l'ISH \u00e0 Francfort-sur-le-Main du 17 au 21 mars au stand C57 Hall 5.1 avec de nouvelles collections","og_url":"https:\/\/www.onsen.it\/fr\/big-5-global-2024\/","og_site_name":"Onsen","article_published_time":"2025-01-29T15:53:13+00:00","article_modified_time":"2025-02-25T10:56:22+00:00","og_image":[{"width":900,"height":765,"url":"https:\/\/www.onsen.it\/wp-content\/uploads\/2025\/01\/Volantino-ISH-2025-per-anteprima.jpg","type":"image\/jpeg"}],"author":"Pierpaolo","twitter_card":"summary_large_image","twitter_misc":{"\u00c9crit par":"Pierpaolo","Dur\u00e9e de lecture estim\u00e9e":"1 minute"},"schema":{"@context":"https:\/\/schema.org","@graph":[{"@type":"Article","@id":"https:\/\/www.onsen.it\/fr\/big-5-global-2024\/#article","isPartOf":{"@id":"https:\/\/www.onsen.it\/fr\/big-5-global-2024\/"},"author":{"name":"Pierpaolo","@id":"https:\/\/www.onsen.it\/#\/schema\/person\/d64d64470d331b2f1dc6b96e2cba7d5d"},"headline":"ISH 2025","datePublished":"2025-01-29T15:53:13+00:00","dateModified":"2025-02-25T10:56:22+00:00","mainEntityOfPage":{"@id":"https:\/\/www.onsen.it\/fr\/big-5-global-2024\/"},"wordCount":88,"publisher":{"@id":"https:\/\/www.onsen.it\/#organization"},"image":{"@id":"https:\/\/www.onsen.it\/fr\/big-5-global-2024\/#primaryimage"},"thumbnailUrl":"https:\/\/www.onsen.it\/wp-content\/uploads\/2025\/01\/Volantino-ISH-2025-per-anteprima.jpg","articleSection":["Foires"],"inLanguage":"fr-FR"},{"@type":"WebPage","@id":"https:\/\/www.onsen.it\/fr\/big-5-global-2024\/","url":"https:\/\/www.onsen.it\/fr\/big-5-global-2024\/","name":"ISH 2025 - Onsen","isPartOf":{"@id":"https:\/\/www.onsen.it\/#website"},"primaryImageOfPage":{"@id":"https:\/\/www.onsen.it\/fr\/big-5-global-2024\/#primaryimage"},"image":{"@id":"https:\/\/www.onsen.it\/fr\/big-5-global-2024\/#primaryimage"},"thumbnailUrl":"https:\/\/www.onsen.it\/wp-content\/uploads\/2025\/01\/Volantino-ISH-2025-per-anteprima.jpg","datePublished":"2025-01-29T15:53:13+00:00","dateModified":"2025-02-25T10:56:22+00:00","inLanguage":"fr-FR","potentialAction":[{"@type":"ReadAction","target":["https:\/\/www.onsen.it\/fr\/big-5-global-2024\/"]}]},{"@type":"ImageObject","inLanguage":"fr-FR","@id":"https:\/\/www.onsen.it\/fr\/big-5-global-2024\/#primaryimage","url":"https:\/\/www.onsen.it\/wp-content\/uploads\/2025\/01\/Volantino-ISH-2025-per-anteprima.jpg","contentUrl":"https:\/\/www.onsen.it\/wp-content\/uploads\/2025\/01\/Volantino-ISH-2025-per-anteprima.jpg","width":900,"height":765},{"@type":"WebSite","@id":"https:\/\/www.onsen.it\/#website","url":"https:\/\/www.onsen.it\/","name":"Onsen","description":"Da ormai 40 anni Falegnameria Adriatica \u00e8 protagonista nel realizzare mobili e complementi da bagno coniugando, come nella migliore tradizione italiana, funzionalit\u00e0 e design.","publisher":{"@id":"https:\/\/www.onsen.it\/#organization"},"potentialAction":[{"@type":"SearchAction","target":{"@type":"EntryPoint","urlTemplate":"https:\/\/www.onsen.it\/?s={search_term_string}"},"query-input":{"@type":"PropertyValueSpecification","valueRequired":true,"valueName":"search_term_string"}}],"inLanguage":"fr-FR"},{"@type":"Organization","@id":"https:\/\/www.onsen.it\/#organization","name":"Onsen","url":"https:\/\/www.onsen.it\/","logo":{"@type":"ImageObject","inLanguage":"fr-FR","@id":"https:\/\/www.onsen.it\/#\/schema\/logo\/image\/","url":"https:\/\/www.onsen.it\/wp-content\/uploads\/2023\/04\/Logo-Onsen-scuro.svg","contentUrl":"https:\/\/www.onsen.it\/wp-content\/uploads\/2023\/04\/Logo-Onsen-scuro.svg","width":74,"height":46,"caption":"Onsen"},"image":{"@id":"https:\/\/www.onsen.it\/#\/schema\/logo\/image\/"}},{"@type":"Person","@id":"https:\/\/www.onsen.it\/#\/schema\/person\/d64d64470d331b2f1dc6b96e2cba7d5d","name":"Pierpaolo","image":{"@type":"ImageObject","inLanguage":"fr-FR","@id":"https:\/\/secure.gravatar.com\/avatar\/f2b7d7e3e6d64909e9534d6745de4d58ff67b56a8112fc5cade3313d76fd511a?s=96&d=mm&r=g","url":"https:\/\/secure.gravatar.com\/avatar\/f2b7d7e3e6d64909e9534d6745de4d58ff67b56a8112fc5cade3313d76fd511a?s=96&d=mm&r=g","contentUrl":"https:\/\/secure.gravatar.com\/avatar\/f2b7d7e3e6d64909e9534d6745de4d58ff67b56a8112fc5cade3313d76fd511a?s=96&d=mm&r=g","caption":"Pierpaolo"},"url":"https:\/\/www.onsen.it\/fr\/author\/pierpaolo_onsen\/"}]}},"featured_image_src":"https:\/\/www.onsen.it\/wp-content\/uploads\/2025\/01\/Volantino-ISH-2025-per-anteprima.jpg","featured_image_src_square":"https:\/\/www.onsen.it\/wp-content\/uploads\/2025\/01\/Volantino-ISH-2025-per-anteprima.jpg","author_info":{"display_name":"Pierpaolo","author_link":"https:\/\/www.onsen.it\/fr\/author\/pierpaolo_onsen\/"},"rbea_author_info":{"display_name":"Pierpaolo","author_link":"https:\/\/www.onsen.it\/fr\/author\/pierpaolo_onsen\/"},"rbea_excerpt_info":"Nous serons pr\u00e9sents \u00e0 l'ISH \u00e0 Francfort-sur-le-Main du 17 au 21 mars au stand C57 Hall 5.1 avec de nouvelles collections","category_list":"<a href=\"https:\/\/www.onsen.it\/fr\/category\/fiere-fr\/\" rel=\"category tag\">Foires<\/a>","comments_num":"0 comments","_links":{"self":[{"href":"https:\/\/www.onsen.it\/fr\/wp-json\/wp\/v2\/posts\/4042","targetHints":{"allow":["GET"]}}],"collection":[{"href":"https:\/\/www.onsen.it\/fr\/wp-json\/wp\/v2\/posts"}],"about":[{"href":"https:\/\/www.onsen.it\/fr\/wp-json\/wp\/v2\/types\/post"}],"author":[{"embeddable":true,"href":"https:\/\/www.onsen.it\/fr\/wp-json\/wp\/v2\/users\/2"}],"replies":[{"embeddable":true,"href":"https:\/\/www.onsen.it\/fr\/wp-json\/wp\/v2\/comments?post=4042"}],"version-history":[{"count":4,"href":"https:\/\/www.onsen.it\/fr\/wp-json\/wp\/v2\/posts\/4042\/revisions"}],"predecessor-version":[{"id":4074,"href":"https:\/\/www.onsen.it\/fr\/wp-json\/wp\/v2\/posts\/4042\/revisions\/4074"}],"wp:featuredmedia":[{"embeddable":true,"href":"https:\/\/www.onsen.it\/fr\/wp-json\/wp\/v2\/media\/4046"}],"wp:attachment":[{"href":"https:\/\/www.onsen.it\/fr\/wp-json\/wp\/v2\/media?parent=4042"}],"wp:term":[{"taxonomy":"category","embeddable":true,"href":"https:\/\/www.onsen.it\/fr\/wp-json\/wp\/v2\/categories?post=4042"},{"taxonomy":"post_tag","embeddable":true,"href":"https:\/\/www.onsen.it\/fr\/wp-json\/wp\/v2\/tags?post=4042"}],"curies":[{"name":"wp","href":"https:\/\/api.w.org\/{rel}","templated":true}]}}