{"id":3344,"date":"2023-02-10T15:59:27","date_gmt":"2023-02-10T14:59:27","guid":{"rendered":"https:\/\/www.onsen.it\/nuovo-macchinario-sezionatrice\/"},"modified":"2023-09-22T11:01:41","modified_gmt":"2023-09-22T09:01:41","slug":"nuovo-macchinario-sezionatrice","status":"publish","type":"post","link":"https:\/\/www.onsen.it\/fr\/nuovo-macchinario-sezionatrice\/","title":{"rendered":"Nouvelle scie \u00e0 panneaux"},"content":{"rendered":"\n<section id=\"gmfc24c44\" class=\"wp-block-gutentor-m3 alignfull section-gmfc24c44 gutentor-module gutentor-container-cover has-color-bg has-custom-bg margine-standard margine-top-hero-section\"><div class=\"grid-container gutentor-rm-ct-space-d\">\n<div class=\"wp-block-columns alignwide are-vertically-aligned-center margine-top-hero-section-azienda auto-margine is-layout-flex wp-container-core-columns-is-layout-8f761849 wp-block-columns-is-layout-flex\">\n<div class=\"wp-block-column is-vertically-aligned-center is-layout-flow wp-block-column-is-layout-flow\">\n<div style=\"height:250px\" aria-hidden=\"true\" class=\"wp-block-spacer spazio-vuoto-news-mobile\"><\/div>\n\n\n\n<div class=\"wp-block-getwid-icon-box button-back has-icon-left has-text-center\"><div style=\"margin-top:20px\" class=\"wp-block-getwid-icon-box__icon-container is-position-middle\"><a href=\"https:\/\/www.onsen.it\/fr\/news\/\" rel=\"\" class=\"wp-block-getwid-icon-box__icon-wrapper has-text-color\" style=\"font-size:30px;color:#6d6d6d\"><i class=\"far fa-arrow-alt-circle-left\"><\/i><\/a><\/div><div class=\"wp-block-getwid-icon-box__content\">\n<h3 class=\"wp-block-heading has-text-color\" style=\"color:#6d6d6d\">Arri\u00e8re<\/h3>\n<\/div><\/div>\n\n\n\n<section id=\"gmac6a4e2\" class=\"wp-block-gutentor-m4 section-gmac6a4e2 gutentor-module gutentor-advanced-columns\"><div class=\"grid-container\"><div class=\"grid-row\">\n<div id=\"col-gme879d8\" class=\"wp-block-gutentor-m4-col col-gme879d8 gutentor-single-column  grid-lg-6 grid-md-12 grid-12\"><div id=\"section-gme879d8\" class=\"section-gme879d8 gutentor-col-wrap\"><h2 style=\"color:#6d6d6d;font-size:54px\" class=\"wp-block-post-title has-text-color\">Nouvelle scie \u00e0 panneaux<\/h2><\/div><\/div>\n\n\n\n<div id=\"col-gm0ed2c6\" class=\"wp-block-gutentor-m4-col col-gm0ed2c6 gutentor-single-column  grid-lg-6 grid-md-12 grid-12\"><div id=\"section-gm0ed2c6\" class=\"section-gm0ed2c6 gutentor-col-wrap\"><div style=\"color:#adadad;font-size:30px\" class=\"has-text-align-right format-testo-normale testo-data-news-mobile wp-block-post-date has-text-color\"><time datetime=\"2023-02-10T15:59:27+01:00\">10 f\u00e9vrier 2023<\/time><\/div><\/div><\/div>\n<\/div><\/div><\/section>\n\n\n\n<section id=\"gmedfa3b5\" class=\"wp-block-gutentor-m4 section-gmedfa3b5 gutentor-module gutentor-advanced-columns gutentor-equal-column-height\"><div class=\"grid-container\"><div class=\"grid-row\">\n<div id=\"col-gmb87d94\" class=\"wp-block-gutentor-m4-col col-gmb87d94 gutentor-single-column  grid-lg-12 grid-md-12 grid-12 margine-standard\"><div id=\"section-gmb87d94\" class=\"section-gmb87d94 gutentor-col-wrap\">\n<figure class=\"wp-block-image alignfull size-full margine-standard\"><img loading=\"lazy\" decoding=\"async\" width=\"966\" height=\"534\" src=\"https:\/\/www.onsen.it\/\/wp-content\/uploads\/2023\/05\/sezionatrice-banner.jpg\" alt=\"\" class=\"wp-image-1304\" srcset=\"https:\/\/www.onsen.it\/wp-content\/uploads\/2023\/05\/sezionatrice-banner.jpg 966w, https:\/\/www.onsen.it\/wp-content\/uploads\/2023\/05\/sezionatrice-banner-300x166.jpg 300w, https:\/\/www.onsen.it\/wp-content\/uploads\/2023\/05\/sezionatrice-banner-768x425.jpg 768w, https:\/\/www.onsen.it\/wp-content\/uploads\/2023\/05\/sezionatrice-banner-540x299.jpg 540w\" sizes=\"auto, (max-width: 966px) 100vw, 966px\" \/><\/figure>\n<\/div><\/div>\n<\/div><\/div><\/section>\n<\/div>\n<\/div>\n\n\n\n<div class=\"wp-block-columns are-vertically-aligned-center has-buttons-text-background-color has-background is-layout-flex wp-container-core-columns-is-layout-8f761849 wp-block-columns-is-layout-flex\">\n<div class=\"wp-block-column is-vertically-aligned-center is-layout-flow wp-block-column-is-layout-flow\">\n<section id=\"gm0868bb4\" class=\"wp-block-gutentor-m4 section-gm0868bb4 gutentor-module gutentor-advanced-columns\"><div class=\"grid-container\"><div class=\"grid-row\">\n<div id=\"col-gm2c6c0f\" class=\"wp-block-gutentor-m4-col col-gm2c6c0f gutentor-single-column  grid-lg-12 grid-md-12 grid-12\"><div id=\"section-gm2c6c0f\" class=\"section-gm2c6c0f gutentor-col-wrap\">\n<p class=\"has-text-align-left has-text-color wp-block-paragraph\" style=\"color:#1d1d1b;font-size:25px;font-style:normal;font-weight:300\">Falegnameria Adriatica pr\u00e9sente la nouvelle scie \u00e0 panneaux angulaire SCM Industria 4.0<\/p>\n\n\n\n<p class=\"has-text-align-left font-mobile-piccolo has-text-color wp-block-paragraph\" style=\"color:#6d6d6d;font-size:20px;font-style:normal;font-weight:300\">Falegnameria Adriatica a le plaisir de pr\u00e9senter sa derni\u00e8re innovation dans le domaine du travail du bois: la nouvelle scie \u00e0 panneaux angulaire SCM Industria 4.0. Gr\u00e2ce \u00e0 cette machine de pointe, Falegnameria Adriatica sera en mesure d&rsquo;offrir des niveaux de pr\u00e9cision et de qualit\u00e9 encore plus \u00e9lev\u00e9s dans ses produits.<\/p>\n\n\n\n<p class=\"has-text-align-left has-text-color wp-block-paragraph\" style=\"color:#1d1d1b;font-size:25px;font-style:normal;font-weight:300\"><em>La scie \u00e0 panneaux angulaire SCM Industria 4.0 est \u00e9quip\u00e9e d&rsquo;un syst\u00e8me de commande num\u00e9rique (CNC) qui permet de g\u00e9rer toutes les phases de traitement avec pr\u00e9cision et rapidit\u00e9. Cette machine de derni\u00e8re g\u00e9n\u00e9ration est capable d&rsquo;effectuer des coupes angulaires et des profilages sur des mat\u00e9riaux de diff\u00e9rentes dimensions et \u00e9paisseurs, avec une efficacit\u00e9 \u00e9lev\u00e9e et une plus grande productivit\u00e9<\/em>.<\/p>\n\n\n\n<p class=\"has-text-align-left font-mobile-piccolo has-text-color wp-block-paragraph\" style=\"color:#6d6d6d;font-size:20px;font-style:normal;font-weight:300\">Gr\u00e2ce \u00e0 sa technologie avanc\u00e9e, la scie \u00e0 panneaux angulaire SCM Industria 4.0 permet de cr\u00e9er des pi\u00e8ces sur mesure de haute qualit\u00e9, garantissant une excellente r\u00e9p\u00e9tabilit\u00e9 des coupes et une plus grande flexibilit\u00e9 de production.<br>Cela permettra \u00e0 Falegnameria Adriatica de mieux satisfaire les besoins de ses clients, en proposant des produits personnalis\u00e9s et de haute qualit\u00e9.<br>Falegnameria Adriatica est toujours \u00e0 la recherche de solutions innovantes pour am\u00e9liorer ses produits et son efficacit\u00e9 de production. La nouvelle scie \u00e0 panneaux angulaire SCM Industria 4.0 est la d\u00e9monstration de cet engagement constant, qui se traduit par des produits toujours meilleurs pour nos clients.<\/p>\n\n\n\n<p class=\"has-text-align-left has-text-color wp-block-paragraph\" style=\"color:#1d1d1b;font-size:25px;font-style:normal;font-weight:300\">La nouvelle scie \u00e0 panneaux angulaire SCM Industria 4.0 repr\u00e9sente un investissement important pour Falegnameria Adriatica, qui confirme son engagement constant envers l&rsquo;innovation et la qualit\u00e9 de ses produits<em>.<\/em><\/p>\n<\/div><\/div>\n<\/div><\/div><\/section>\n<\/div>\n<\/div>\n<\/div><\/section>\n\n\n\n<section id=\"gmf464918\" class=\"wp-block-gutentor-m3 alignfull section-gmf464918 gutentor-module gutentor-container-cover has-color-bg has-custom-bg\"><div class=\"grid-container gutentor-rm-ct-space-d\">\n<div class=\"wp-block-columns margine-standard has-background is-layout-flex wp-container-core-columns-is-layout-8f761849 wp-block-columns-is-layout-flex\" style=\"background-color:#e5e5e5\">\n<div class=\"wp-block-column is-layout-flow wp-block-column-is-layout-flow\">\n<section id=\"gm6ee7a60\" class=\"wp-block-gutentor-m4 section-gm6ee7a60 gutentor-module gutentor-advanced-columns\"><div class=\"grid-container\"><div class=\"grid-row\">\n<div id=\"col-gm2a7c94\" class=\"wp-block-gutentor-m4-col col-gm2a7c94 gutentor-single-column  grid-lg-12 grid-md-12 grid-12\"><div id=\"section-gm2a7c94\" class=\"section-gm2a7c94 gutentor-col-wrap\">\n<h2 class=\"wp-block-heading has-text-align-center has-text-color\" style=\"color:#6d6d6d;font-size:25px\">Les derni\u00e8res nouvelles<\/h2>\n\n\n<section class=\"gutentor-post-module section-b80d444f-19e6-47ac-a723-2a0893ebd760 gutentor-post-module-p1 gutentor_p1_template1 wp-block-gutentor-p1 gutentor-blog-grid\" id=\"\" data-gbid=\"b80d444f-19e6-47ac-a723-2a0893ebd760\" >\n<div class='grid-container'><div class='grid-row' ><article class='gutentor-post  grid-lg-4 grid-md-4 grid-12'><div class='gutentor-post-item'><div class='gutentor-post-image-box'><div class=\"gutentor-image-thumb\"><img loading=\"lazy\" decoding=\"async\" width=\"900\" height=\"765\" src=\"https:\/\/www.onsen.it\/wp-content\/uploads\/2026\/06\/News-salone-copertina.jpg\" class=\"attachment-full size-full wp-post-image\" alt=\"\" srcset=\"https:\/\/www.onsen.it\/wp-content\/uploads\/2026\/06\/News-salone-copertina.jpg 900w, https:\/\/www.onsen.it\/wp-content\/uploads\/2026\/06\/News-salone-copertina-300x255.jpg 300w, https:\/\/www.onsen.it\/wp-content\/uploads\/2026\/06\/News-salone-copertina-768x653.jpg 768w, https:\/\/www.onsen.it\/wp-content\/uploads\/2026\/06\/News-salone-copertina-540x459.jpg 540w\" sizes=\"auto, (max-width: 900px) 100vw, 900px\" \/><\/div><\/div><div class=\"gutentor-post-title-data-wrap\"><h3 class=\"gutentor-post-title\"><a href=\"https:\/\/www.onsen.it\/fr\/salone-del-mobile-2026\/\" rel=\"bookmark\">Salone del Mobile 2026<\/a><\/h3><\/div><div class=\"gutentor-entry-meta gutentor-entry-meta-primary\"><div class=\"author vcard\"><i class=\"far fa-user\"><\/i><a href=\"https:\/\/www.onsen.it\/fr\/salone-del-mobile-2026\/\" rel=\"bookmark\">Pierpaolo<\/a><\/div><div class=\"posted-on\"><i class=\"far fa-calendar-alt\"><\/i><a href=\"https:\/\/www.onsen.it\/fr\/salone-del-mobile-2026\/\" rel=\"bookmark\">4 juin 2026<\/a><\/div><div class=\"gutentor-meta-categories\"><i class=\"fas fa-tags\"><\/i><a href=\"https:\/\/www.onsen.it\/fr\/category\/fiere-fr\/\" rel=\"category tag\">Foires<\/a><\/div><\/div><div class=\"gutentor-post-desc\">Nous avons pr\u00e9sent\u00e9 en avant-premi\u00e8re les nouvelles collections Onsen au Salone del Mobile Milano 20&hellip;<\/div><a class=\"gutentor-button gutentor-post-button gutentor-icon-after\"  href=\"https:\/\/www.onsen.it\/fr\/salone-del-mobile-2026\/\" href=\"https:\/\/www.onsen.it\/fr\/salone-del-mobile-2026\/\"><i class=\"gutentor-button-icon far fa-arrow-alt-circle-right\" ><\/i><span>Lisez<\/span><\/a><\/div><\/article><article class='gutentor-post  grid-lg-4 grid-md-4 grid-12'><div class='gutentor-post-item'><div class='gutentor-post-image-box'><div class=\"gutentor-image-thumb\"><img loading=\"lazy\" decoding=\"async\" width=\"900\" height=\"765\" src=\"https:\/\/www.onsen.it\/wp-content\/uploads\/2026\/06\/News-big5-2025-copertina.jpg\" class=\"attachment-full size-full wp-post-image\" alt=\"\" srcset=\"https:\/\/www.onsen.it\/wp-content\/uploads\/2026\/06\/News-big5-2025-copertina.jpg 900w, https:\/\/www.onsen.it\/wp-content\/uploads\/2026\/06\/News-big5-2025-copertina-300x255.jpg 300w, https:\/\/www.onsen.it\/wp-content\/uploads\/2026\/06\/News-big5-2025-copertina-768x653.jpg 768w, https:\/\/www.onsen.it\/wp-content\/uploads\/2026\/06\/News-big5-2025-copertina-540x459.jpg 540w\" sizes=\"auto, (max-width: 900px) 100vw, 900px\" \/><\/div><\/div><div class=\"gutentor-post-title-data-wrap\"><h3 class=\"gutentor-post-title\"><a href=\"https:\/\/www.onsen.it\/fr\/big-5-global-2025\/\" rel=\"bookmark\">Big 5 Global 2025<\/a><\/h3><\/div><div class=\"gutentor-entry-meta gutentor-entry-meta-primary\"><div class=\"author vcard\"><i class=\"far fa-user\"><\/i><a href=\"https:\/\/www.onsen.it\/fr\/big-5-global-2025\/\" rel=\"bookmark\">Pierpaolo<\/a><\/div><div class=\"posted-on\"><i class=\"far fa-calendar-alt\"><\/i><a href=\"https:\/\/www.onsen.it\/fr\/big-5-global-2025\/\" rel=\"bookmark\">4 juin 2026<\/a><\/div><div class=\"gutentor-meta-categories\"><i class=\"fas fa-tags\"><\/i><a href=\"https:\/\/www.onsen.it\/fr\/category\/fiere-fr\/\" rel=\"category tag\">Foires<\/a><\/div><\/div><div class=\"gutentor-post-desc\">Nous avons particip\u00e9 au Big 5 Dubai 2025 en pr\u00e9sentant les nouvelles collections Onsen&hellip;<\/div><a class=\"gutentor-button gutentor-post-button gutentor-icon-after\"  href=\"https:\/\/www.onsen.it\/fr\/big-5-global-2025\/\" href=\"https:\/\/www.onsen.it\/fr\/big-5-global-2025\/\"><i class=\"gutentor-button-icon far fa-arrow-alt-circle-right\" ><\/i><span>Lisez<\/span><\/a><\/div><\/article><article class='gutentor-post  grid-lg-4 grid-md-4 grid-12'><div class='gutentor-post-item'><div class='gutentor-post-image-box'><div class=\"gutentor-image-thumb\"><img loading=\"lazy\" decoding=\"async\" width=\"900\" height=\"765\" src=\"https:\/\/www.onsen.it\/wp-content\/uploads\/2025\/09\/Fusion-per-anteprima-News.jpg\" class=\"attachment-full size-full wp-post-image\" alt=\"\" srcset=\"https:\/\/www.onsen.it\/wp-content\/uploads\/2025\/09\/Fusion-per-anteprima-News.jpg 900w, https:\/\/www.onsen.it\/wp-content\/uploads\/2025\/09\/Fusion-per-anteprima-News-300x255.jpg 300w, https:\/\/www.onsen.it\/wp-content\/uploads\/2025\/09\/Fusion-per-anteprima-News-768x653.jpg 768w, https:\/\/www.onsen.it\/wp-content\/uploads\/2025\/09\/Fusion-per-anteprima-News-540x459.jpg 540w\" sizes=\"auto, (max-width: 900px) 100vw, 900px\" \/><\/div><\/div><div class=\"gutentor-post-title-data-wrap\"><h3 class=\"gutentor-post-title\"><a href=\"https:\/\/www.onsen.it\/fr\/fusion\/\" rel=\"bookmark\">Fusion<\/a><\/h3><\/div><div class=\"gutentor-entry-meta gutentor-entry-meta-primary\"><div class=\"author vcard\"><i class=\"far fa-user\"><\/i><a href=\"https:\/\/www.onsen.it\/fr\/fusion\/\" rel=\"bookmark\">Pierpaolo<\/a><\/div><div class=\"posted-on\"><i class=\"far fa-calendar-alt\"><\/i><a href=\"https:\/\/www.onsen.it\/fr\/fusion\/\" rel=\"bookmark\">19 septembre 2025<\/a><\/div><div class=\"gutentor-meta-categories\"><i class=\"fas fa-tags\"><\/i><a href=\"https:\/\/www.onsen.it\/fr\/category\/innovazione-fr\/\" rel=\"category tag\">Innovation<\/a><\/div><\/div><div class=\"gutentor-post-desc\">Fusion se distingue par ses surfaces m\u00e9talliques et ses reflets en aluminium qui apportent \u00e9l\u00e9gance &hellip;<\/div><a class=\"gutentor-button gutentor-post-button gutentor-icon-after\"  href=\"https:\/\/www.onsen.it\/fr\/fusion\/\" href=\"https:\/\/www.onsen.it\/fr\/fusion\/\"><i class=\"gutentor-button-icon far fa-arrow-alt-circle-right\" ><\/i><span>Lisez<\/span><\/a><\/div><\/article><\/div><\/div><\/section><\/div><\/div>\n<\/div><\/div><\/section>\n<\/div>\n<\/div>\n<\/div><\/section>\n","protected":false},"excerpt":{"rendered":"<p>Falegnameria Adriatica pr\u00e9sente la nouvelle scie \u00e0 panneaux angulaire SCM Industria 4.0 <\/p>\n","protected":false},"author":1,"featured_media":3263,"comment_status":"closed","ping_status":"closed","sticky":false,"template":"","format":"standard","meta":{"footnotes":""},"categories":[35],"tags":[],"class_list":["post-3344","post","type-post","status-publish","format-standard","has-post-thumbnail","hentry","category-innovazione-fr"],"gutentor_comment":0,"yoast_head":"<!-- This site is optimized with the Yoast SEO plugin v27.9 - https:\/\/yoast.com\/product\/yoast-seo-wordpress\/ -->\n<title>Nouvelle scie \u00e0 panneaux - Onsen<\/title>\n<meta name=\"robots\" content=\"index, follow, max-snippet:-1, max-image-preview:large, max-video-preview:-1\" \/>\n<link rel=\"canonical\" href=\"https:\/\/www.onsen.it\/fr\/nuovo-macchinario-sezionatrice\/\" \/>\n<meta property=\"og:locale\" content=\"fr_FR\" \/>\n<meta property=\"og:type\" content=\"article\" \/>\n<meta property=\"og:title\" content=\"Nouvelle scie \u00e0 panneaux - Onsen\" \/>\n<meta property=\"og:description\" content=\"Falegnameria Adriatica pr\u00e9sente la nouvelle scie \u00e0 panneaux angulaire SCM Industria 4.0\" \/>\n<meta property=\"og:url\" content=\"https:\/\/www.onsen.it\/fr\/nuovo-macchinario-sezionatrice\/\" \/>\n<meta property=\"og:site_name\" content=\"Onsen\" \/>\n<meta property=\"article:published_time\" content=\"2023-02-10T14:59:27+00:00\" \/>\n<meta property=\"article:modified_time\" content=\"2023-09-22T09:01:41+00:00\" \/>\n<meta property=\"og:image\" content=\"https:\/\/www.onsen.it\/wp-content\/uploads\/2023\/09\/Sezionatrice-Banner-News.jpg\" \/>\n\t<meta property=\"og:image:width\" content=\"840\" \/>\n\t<meta property=\"og:image:height\" content=\"716\" \/>\n\t<meta property=\"og:image:type\" content=\"image\/jpeg\" \/>\n<meta name=\"author\" content=\"Onsen\" \/>\n<meta name=\"twitter:card\" content=\"summary_large_image\" \/>\n<meta name=\"twitter:label1\" content=\"\u00c9crit par\" \/>\n\t<meta name=\"twitter:data1\" content=\"Onsen\" \/>\n\t<meta name=\"twitter:label2\" content=\"Dur\u00e9e de lecture estim\u00e9e\" \/>\n\t<meta name=\"twitter:data2\" content=\"2 minutes\" \/>\n<script type=\"application\/ld+json\" class=\"yoast-schema-graph\">{\"@context\":\"https:\\\/\\\/schema.org\",\"@graph\":[{\"@type\":\"Article\",\"@id\":\"https:\\\/\\\/www.onsen.it\\\/fr\\\/nuovo-macchinario-sezionatrice\\\/#article\",\"isPartOf\":{\"@id\":\"https:\\\/\\\/www.onsen.it\\\/fr\\\/nuovo-macchinario-sezionatrice\\\/\"},\"author\":{\"name\":\"Onsen\",\"@id\":\"https:\\\/\\\/www.onsen.it\\\/#\\\/schema\\\/person\\\/401ade7a40b056e417eaa31fb421d80c\"},\"headline\":\"Nouvelle scie \u00e0 panneaux\",\"datePublished\":\"2023-02-10T14:59:27+00:00\",\"dateModified\":\"2023-09-22T09:01:41+00:00\",\"mainEntityOfPage\":{\"@id\":\"https:\\\/\\\/www.onsen.it\\\/fr\\\/nuovo-macchinario-sezionatrice\\\/\"},\"wordCount\":280,\"publisher\":{\"@id\":\"https:\\\/\\\/www.onsen.it\\\/#organization\"},\"image\":{\"@id\":\"https:\\\/\\\/www.onsen.it\\\/fr\\\/nuovo-macchinario-sezionatrice\\\/#primaryimage\"},\"thumbnailUrl\":\"https:\\\/\\\/www.onsen.it\\\/wp-content\\\/uploads\\\/2023\\\/09\\\/Sezionatrice-Banner-News.jpg\",\"articleSection\":[\"Innovation\"],\"inLanguage\":\"fr-FR\"},{\"@type\":\"WebPage\",\"@id\":\"https:\\\/\\\/www.onsen.it\\\/fr\\\/nuovo-macchinario-sezionatrice\\\/\",\"url\":\"https:\\\/\\\/www.onsen.it\\\/fr\\\/nuovo-macchinario-sezionatrice\\\/\",\"name\":\"Nouvelle scie \u00e0 panneaux - Onsen\",\"isPartOf\":{\"@id\":\"https:\\\/\\\/www.onsen.it\\\/#website\"},\"primaryImageOfPage\":{\"@id\":\"https:\\\/\\\/www.onsen.it\\\/fr\\\/nuovo-macchinario-sezionatrice\\\/#primaryimage\"},\"image\":{\"@id\":\"https:\\\/\\\/www.onsen.it\\\/fr\\\/nuovo-macchinario-sezionatrice\\\/#primaryimage\"},\"thumbnailUrl\":\"https:\\\/\\\/www.onsen.it\\\/wp-content\\\/uploads\\\/2023\\\/09\\\/Sezionatrice-Banner-News.jpg\",\"datePublished\":\"2023-02-10T14:59:27+00:00\",\"dateModified\":\"2023-09-22T09:01:41+00:00\",\"inLanguage\":\"fr-FR\",\"potentialAction\":[{\"@type\":\"ReadAction\",\"target\":[\"https:\\\/\\\/www.onsen.it\\\/fr\\\/nuovo-macchinario-sezionatrice\\\/\"]}]},{\"@type\":\"ImageObject\",\"inLanguage\":\"fr-FR\",\"@id\":\"https:\\\/\\\/www.onsen.it\\\/fr\\\/nuovo-macchinario-sezionatrice\\\/#primaryimage\",\"url\":\"https:\\\/\\\/www.onsen.it\\\/wp-content\\\/uploads\\\/2023\\\/09\\\/Sezionatrice-Banner-News.jpg\",\"contentUrl\":\"https:\\\/\\\/www.onsen.it\\\/wp-content\\\/uploads\\\/2023\\\/09\\\/Sezionatrice-Banner-News.jpg\",\"width\":840,\"height\":716},{\"@type\":\"WebSite\",\"@id\":\"https:\\\/\\\/www.onsen.it\\\/#website\",\"url\":\"https:\\\/\\\/www.onsen.it\\\/\",\"name\":\"Onsen\",\"description\":\"Da ormai 40 anni Falegnameria Adriatica \u00e8 protagonista nel realizzare mobili e complementi da bagno coniugando, come nella migliore tradizione italiana, funzionalit\u00e0 e design.\",\"publisher\":{\"@id\":\"https:\\\/\\\/www.onsen.it\\\/#organization\"},\"potentialAction\":[{\"@type\":\"SearchAction\",\"target\":{\"@type\":\"EntryPoint\",\"urlTemplate\":\"https:\\\/\\\/www.onsen.it\\\/?s={search_term_string}\"},\"query-input\":{\"@type\":\"PropertyValueSpecification\",\"valueRequired\":true,\"valueName\":\"search_term_string\"}}],\"inLanguage\":\"fr-FR\"},{\"@type\":\"Organization\",\"@id\":\"https:\\\/\\\/www.onsen.it\\\/#organization\",\"name\":\"Onsen\",\"url\":\"https:\\\/\\\/www.onsen.it\\\/\",\"logo\":{\"@type\":\"ImageObject\",\"inLanguage\":\"fr-FR\",\"@id\":\"https:\\\/\\\/www.onsen.it\\\/#\\\/schema\\\/logo\\\/image\\\/\",\"url\":\"https:\\\/\\\/www.onsen.it\\\/wp-content\\\/uploads\\\/2023\\\/04\\\/Logo-Onsen-scuro.svg\",\"contentUrl\":\"https:\\\/\\\/www.onsen.it\\\/wp-content\\\/uploads\\\/2023\\\/04\\\/Logo-Onsen-scuro.svg\",\"width\":74,\"height\":46,\"caption\":\"Onsen\"},\"image\":{\"@id\":\"https:\\\/\\\/www.onsen.it\\\/#\\\/schema\\\/logo\\\/image\\\/\"}},{\"@type\":\"Person\",\"@id\":\"https:\\\/\\\/www.onsen.it\\\/#\\\/schema\\\/person\\\/401ade7a40b056e417eaa31fb421d80c\",\"name\":\"Onsen\",\"image\":{\"@type\":\"ImageObject\",\"inLanguage\":\"fr-FR\",\"@id\":\"https:\\\/\\\/secure.gravatar.com\\\/avatar\\\/b64178a505ee49db26e82c40e763d53b12eb7eebb18c57da77ef7efb5417d95e?s=96&d=mm&r=g\",\"url\":\"https:\\\/\\\/secure.gravatar.com\\\/avatar\\\/b64178a505ee49db26e82c40e763d53b12eb7eebb18c57da77ef7efb5417d95e?s=96&d=mm&r=g\",\"contentUrl\":\"https:\\\/\\\/secure.gravatar.com\\\/avatar\\\/b64178a505ee49db26e82c40e763d53b12eb7eebb18c57da77ef7efb5417d95e?s=96&d=mm&r=g\",\"caption\":\"Onsen\"},\"sameAs\":[\"http:\\\/\\\/onsen.damcoagency.it\"],\"url\":\"https:\\\/\\\/www.onsen.it\\\/fr\\\/author\\\/onsen\\\/\"}]}<\/script>\n<!-- \/ Yoast SEO plugin. -->","yoast_head_json":{"title":"Nouvelle scie \u00e0 panneaux - Onsen","robots":{"index":"index","follow":"follow","max-snippet":"max-snippet:-1","max-image-preview":"max-image-preview:large","max-video-preview":"max-video-preview:-1"},"canonical":"https:\/\/www.onsen.it\/fr\/nuovo-macchinario-sezionatrice\/","og_locale":"fr_FR","og_type":"article","og_title":"Nouvelle scie \u00e0 panneaux - Onsen","og_description":"Falegnameria Adriatica pr\u00e9sente la nouvelle scie \u00e0 panneaux angulaire SCM Industria 4.0","og_url":"https:\/\/www.onsen.it\/fr\/nuovo-macchinario-sezionatrice\/","og_site_name":"Onsen","article_published_time":"2023-02-10T14:59:27+00:00","article_modified_time":"2023-09-22T09:01:41+00:00","og_image":[{"width":840,"height":716,"url":"https:\/\/www.onsen.it\/wp-content\/uploads\/2023\/09\/Sezionatrice-Banner-News.jpg","type":"image\/jpeg"}],"author":"Onsen","twitter_card":"summary_large_image","twitter_misc":{"\u00c9crit par":"Onsen","Dur\u00e9e de lecture estim\u00e9e":"2 minutes"},"schema":{"@context":"https:\/\/schema.org","@graph":[{"@type":"Article","@id":"https:\/\/www.onsen.it\/fr\/nuovo-macchinario-sezionatrice\/#article","isPartOf":{"@id":"https:\/\/www.onsen.it\/fr\/nuovo-macchinario-sezionatrice\/"},"author":{"name":"Onsen","@id":"https:\/\/www.onsen.it\/#\/schema\/person\/401ade7a40b056e417eaa31fb421d80c"},"headline":"Nouvelle scie \u00e0 panneaux","datePublished":"2023-02-10T14:59:27+00:00","dateModified":"2023-09-22T09:01:41+00:00","mainEntityOfPage":{"@id":"https:\/\/www.onsen.it\/fr\/nuovo-macchinario-sezionatrice\/"},"wordCount":280,"publisher":{"@id":"https:\/\/www.onsen.it\/#organization"},"image":{"@id":"https:\/\/www.onsen.it\/fr\/nuovo-macchinario-sezionatrice\/#primaryimage"},"thumbnailUrl":"https:\/\/www.onsen.it\/wp-content\/uploads\/2023\/09\/Sezionatrice-Banner-News.jpg","articleSection":["Innovation"],"inLanguage":"fr-FR"},{"@type":"WebPage","@id":"https:\/\/www.onsen.it\/fr\/nuovo-macchinario-sezionatrice\/","url":"https:\/\/www.onsen.it\/fr\/nuovo-macchinario-sezionatrice\/","name":"Nouvelle scie \u00e0 panneaux - Onsen","isPartOf":{"@id":"https:\/\/www.onsen.it\/#website"},"primaryImageOfPage":{"@id":"https:\/\/www.onsen.it\/fr\/nuovo-macchinario-sezionatrice\/#primaryimage"},"image":{"@id":"https:\/\/www.onsen.it\/fr\/nuovo-macchinario-sezionatrice\/#primaryimage"},"thumbnailUrl":"https:\/\/www.onsen.it\/wp-content\/uploads\/2023\/09\/Sezionatrice-Banner-News.jpg","datePublished":"2023-02-10T14:59:27+00:00","dateModified":"2023-09-22T09:01:41+00:00","inLanguage":"fr-FR","potentialAction":[{"@type":"ReadAction","target":["https:\/\/www.onsen.it\/fr\/nuovo-macchinario-sezionatrice\/"]}]},{"@type":"ImageObject","inLanguage":"fr-FR","@id":"https:\/\/www.onsen.it\/fr\/nuovo-macchinario-sezionatrice\/#primaryimage","url":"https:\/\/www.onsen.it\/wp-content\/uploads\/2023\/09\/Sezionatrice-Banner-News.jpg","contentUrl":"https:\/\/www.onsen.it\/wp-content\/uploads\/2023\/09\/Sezionatrice-Banner-News.jpg","width":840,"height":716},{"@type":"WebSite","@id":"https:\/\/www.onsen.it\/#website","url":"https:\/\/www.onsen.it\/","name":"Onsen","description":"Da ormai 40 anni Falegnameria Adriatica \u00e8 protagonista nel realizzare mobili e complementi da bagno coniugando, come nella migliore tradizione italiana, funzionalit\u00e0 e design.","publisher":{"@id":"https:\/\/www.onsen.it\/#organization"},"potentialAction":[{"@type":"SearchAction","target":{"@type":"EntryPoint","urlTemplate":"https:\/\/www.onsen.it\/?s={search_term_string}"},"query-input":{"@type":"PropertyValueSpecification","valueRequired":true,"valueName":"search_term_string"}}],"inLanguage":"fr-FR"},{"@type":"Organization","@id":"https:\/\/www.onsen.it\/#organization","name":"Onsen","url":"https:\/\/www.onsen.it\/","logo":{"@type":"ImageObject","inLanguage":"fr-FR","@id":"https:\/\/www.onsen.it\/#\/schema\/logo\/image\/","url":"https:\/\/www.onsen.it\/wp-content\/uploads\/2023\/04\/Logo-Onsen-scuro.svg","contentUrl":"https:\/\/www.onsen.it\/wp-content\/uploads\/2023\/04\/Logo-Onsen-scuro.svg","width":74,"height":46,"caption":"Onsen"},"image":{"@id":"https:\/\/www.onsen.it\/#\/schema\/logo\/image\/"}},{"@type":"Person","@id":"https:\/\/www.onsen.it\/#\/schema\/person\/401ade7a40b056e417eaa31fb421d80c","name":"Onsen","image":{"@type":"ImageObject","inLanguage":"fr-FR","@id":"https:\/\/secure.gravatar.com\/avatar\/b64178a505ee49db26e82c40e763d53b12eb7eebb18c57da77ef7efb5417d95e?s=96&d=mm&r=g","url":"https:\/\/secure.gravatar.com\/avatar\/b64178a505ee49db26e82c40e763d53b12eb7eebb18c57da77ef7efb5417d95e?s=96&d=mm&r=g","contentUrl":"https:\/\/secure.gravatar.com\/avatar\/b64178a505ee49db26e82c40e763d53b12eb7eebb18c57da77ef7efb5417d95e?s=96&d=mm&r=g","caption":"Onsen"},"sameAs":["http:\/\/onsen.damcoagency.it"],"url":"https:\/\/www.onsen.it\/fr\/author\/onsen\/"}]}},"featured_image_src":"https:\/\/www.onsen.it\/wp-content\/uploads\/2023\/09\/Sezionatrice-Banner-News.jpg","featured_image_src_square":"https:\/\/www.onsen.it\/wp-content\/uploads\/2023\/09\/Sezionatrice-Banner-News.jpg","author_info":{"display_name":"Onsen","author_link":"https:\/\/www.onsen.it\/fr\/author\/onsen\/"},"rbea_author_info":{"display_name":"Onsen","author_link":"https:\/\/www.onsen.it\/fr\/author\/onsen\/"},"rbea_excerpt_info":"Falegnameria Adriatica pr\u00e9sente la nouvelle scie \u00e0 panneaux angulaire SCM Industria 4.0 ","category_list":"<a href=\"https:\/\/www.onsen.it\/fr\/category\/innovazione-fr\/\" rel=\"category tag\">Innovation<\/a>","comments_num":"0 comments","_links":{"self":[{"href":"https:\/\/www.onsen.it\/fr\/wp-json\/wp\/v2\/posts\/3344","targetHints":{"allow":["GET"]}}],"collection":[{"href":"https:\/\/www.onsen.it\/fr\/wp-json\/wp\/v2\/posts"}],"about":[{"href":"https:\/\/www.onsen.it\/fr\/wp-json\/wp\/v2\/types\/post"}],"author":[{"embeddable":true,"href":"https:\/\/www.onsen.it\/fr\/wp-json\/wp\/v2\/users\/1"}],"replies":[{"embeddable":true,"href":"https:\/\/www.onsen.it\/fr\/wp-json\/wp\/v2\/comments?post=3344"}],"version-history":[{"count":3,"href":"https:\/\/www.onsen.it\/fr\/wp-json\/wp\/v2\/posts\/3344\/revisions"}],"predecessor-version":[{"id":3886,"href":"https:\/\/www.onsen.it\/fr\/wp-json\/wp\/v2\/posts\/3344\/revisions\/3886"}],"wp:featuredmedia":[{"embeddable":true,"href":"https:\/\/www.onsen.it\/fr\/wp-json\/wp\/v2\/media\/3263"}],"wp:attachment":[{"href":"https:\/\/www.onsen.it\/fr\/wp-json\/wp\/v2\/media?parent=3344"}],"wp:term":[{"taxonomy":"category","embeddable":true,"href":"https:\/\/www.onsen.it\/fr\/wp-json\/wp\/v2\/categories?post=3344"},{"taxonomy":"post_tag","embeddable":true,"href":"https:\/\/www.onsen.it\/fr\/wp-json\/wp\/v2\/tags?post=3344"}],"curies":[{"name":"wp","href":"https:\/\/api.w.org\/{rel}","templated":true}]}}