{"id":3320,"date":"2023-03-10T15:09:31","date_gmt":"2023-03-10T14:09:31","guid":{"rendered":"https:\/\/www.onsen.it\/ish\/"},"modified":"2023-09-22T10:51:38","modified_gmt":"2023-09-22T08:51:38","slug":"ish","status":"publish","type":"post","link":"https:\/\/www.onsen.it\/fr\/ish\/","title":{"rendered":"ISH 2023"},"content":{"rendered":"\n<section id=\"gm1f8c137\" class=\"wp-block-gutentor-m3 alignfull section-gm1f8c137 gutentor-module gutentor-container-cover has-color-bg has-custom-bg margine-standard margine-top-hero-section\"><div class=\"grid-container gutentor-rm-ct-space-d\">\n<div class=\"wp-block-columns alignwide are-vertically-aligned-center margine-top-hero-section-azienda auto-margine is-layout-flex wp-container-core-columns-is-layout-8f761849 wp-block-columns-is-layout-flex\">\n<div class=\"wp-block-column is-vertically-aligned-center is-layout-flow wp-block-column-is-layout-flow\">\n<div style=\"height:250px\" aria-hidden=\"true\" class=\"wp-block-spacer spazio-vuoto-news-mobile\"><\/div>\n\n\n\n<div class=\"wp-block-getwid-icon-box button-back has-icon-left has-text-center\"><div style=\"margin-top:20px\" class=\"wp-block-getwid-icon-box__icon-container is-position-middle\"><a href=\"https:\/\/www.onsen.it\/fr\/news\/\" rel=\"\" class=\"wp-block-getwid-icon-box__icon-wrapper has-text-color\" style=\"font-size:30px;color:#6d6d6d\"><i class=\"far fa-arrow-alt-circle-left\"><\/i><\/a><\/div><div class=\"wp-block-getwid-icon-box__content\">\n<h3 class=\"wp-block-heading has-text-color\" style=\"color:#6d6d6d\">Arri\u00e8re<\/h3>\n<\/div><\/div>\n\n\n\n<section id=\"gmbc7621d\" class=\"wp-block-gutentor-m4 section-gmbc7621d gutentor-module gutentor-advanced-columns\"><div class=\"grid-container\"><div class=\"grid-row\">\n<div id=\"col-gm1ce445\" class=\"wp-block-gutentor-m4-col col-gm1ce445 gutentor-single-column  grid-lg-6 grid-md-12 grid-12\"><div id=\"section-gm1ce445\" class=\"section-gm1ce445 gutentor-col-wrap\"><h2 style=\"color:#6d6d6d;font-size:54px\" class=\"wp-block-post-title has-text-color\">ISH 2023<\/h2><\/div><\/div>\n\n\n\n<div id=\"col-gm18b576\" class=\"wp-block-gutentor-m4-col col-gm18b576 gutentor-single-column  grid-lg-6 grid-md-12 grid-12\"><div id=\"section-gm18b576\" class=\"section-gm18b576 gutentor-col-wrap\"><div style=\"color:#adadad;font-size:30px\" class=\"has-text-align-right format-testo-normale testo-data-news-mobile wp-block-post-date has-text-color\"><time datetime=\"2023-03-10T15:09:31+01:00\">10 mars 2023<\/time><\/div><\/div><\/div>\n<\/div><\/div><\/section>\n\n\n\n<section id=\"gm726d819\" class=\"wp-block-gutentor-m4 section-gm726d819 gutentor-module gutentor-advanced-columns gutentor-equal-column-height\"><div class=\"grid-container\"><div class=\"grid-row\">\n<div id=\"col-gmb86461\" class=\"wp-block-gutentor-m4-col col-gmb86461 gutentor-single-column  grid-lg-12 grid-md-12 grid-12 margine-standard\"><div id=\"section-gmb86461\" class=\"section-gmb86461 gutentor-col-wrap\">\n<figure class=\"wp-block-image alignfull size-full margine-standard\"><img loading=\"lazy\" decoding=\"async\" width=\"966\" height=\"393\" src=\"https:\/\/www.onsen.it\/\/wp-content\/uploads\/2023\/05\/ish-banner.jpg\" alt=\"\" class=\"wp-image-1293\" srcset=\"https:\/\/www.onsen.it\/wp-content\/uploads\/2023\/05\/ish-banner.jpg 966w, https:\/\/www.onsen.it\/wp-content\/uploads\/2023\/05\/ish-banner-300x122.jpg 300w, https:\/\/www.onsen.it\/wp-content\/uploads\/2023\/05\/ish-banner-768x312.jpg 768w, https:\/\/www.onsen.it\/wp-content\/uploads\/2023\/05\/ish-banner-540x220.jpg 540w\" sizes=\"auto, (max-width: 966px) 100vw, 966px\" \/><\/figure>\n<\/div><\/div>\n<\/div><\/div><\/section>\n<\/div>\n<\/div>\n\n\n\n<div class=\"wp-block-columns are-vertically-aligned-center has-buttons-text-background-color has-background is-layout-flex wp-container-core-columns-is-layout-8f761849 wp-block-columns-is-layout-flex\">\n<div class=\"wp-block-column is-vertically-aligned-center is-layout-flow wp-block-column-is-layout-flow\">\n<section id=\"gmf2c6ff8\" class=\"wp-block-gutentor-m4 section-gmf2c6ff8 gutentor-module gutentor-advanced-columns\"><div class=\"grid-container\"><div class=\"grid-row\">\n<div id=\"col-gm3e1edf\" class=\"wp-block-gutentor-m4-col col-gm3e1edf gutentor-single-column  grid-lg-12 grid-md-12 grid-12\"><div id=\"section-gm3e1edf\" class=\"section-gm3e1edf gutentor-col-wrap\">\n<p class=\"has-text-align-left has-text-color wp-block-paragraph\" style=\"color:#1d1d1b;font-size:25px;font-style:normal;font-weight:300\">FA fait ses d\u00e9buts au salon ISH: grand succ\u00e8s pour les nouveaut\u00e9s du catalogue Onsen<\/p>\n\n\n\n<p class=\"has-text-align-left font-mobile-piccolo has-text-color wp-block-paragraph\" style=\"color:#6d6d6d;font-size:20px;font-style:normal;font-weight:300\">La forte participation et l&rsquo;int\u00e9r\u00eat suscit\u00e9 par les visiteurs ont confirm\u00e9 l&rsquo;excellence de la nouvelle collection Onsen, fi\u00e8rement pr\u00e9sent\u00e9e par l&rsquo;entreprise.<\/p>\n\n\n\n<p class=\"has-text-align-left has-text-color wp-block-paragraph\" style=\"color:#1d1d1b;font-size:25px;font-style:normal;font-weight:300\"><em>Pour la premi\u00e8re fois au salon, FA a eu l&rsquo;occasion de pr\u00e9senter les nouveaut\u00e9s du catalogue Onsen, ce qui a suscit\u00e9 une grande curiosit\u00e9 parmi les visiteurs.<br>L&rsquo;attention s&rsquo;est port\u00e9e sur les finitions innovantes et le vaste choix de couleurs, qui ont permis de cr\u00e9er de multiples combinaisons personnalis\u00e9es.<\/em><\/p>\n\n\n\n<p class=\"has-text-align-left font-mobile-piccolo has-text-color wp-block-paragraph\" style=\"color:#6d6d6d;font-size:20px;font-style:normal;font-weight:300\">Le succ\u00e8s de la participation au salon ISH a d\u00e9montr\u00e9 la grande attention de FA envers ses clients et leurs besoins. L&rsquo;entreprise met ses comp\u00e9tences et son exp\u00e9rience \u00e0 disposition des experts du secteur pour proposer des solutions de salle de bains innovantes et de qualit\u00e9.<br>La satisfaction de FA face au succ\u00e8s du salon ISH est \u00e9vidente: \u00ab\u00a0Nous sommes heureux d&rsquo;avoir pu participer \u00e0 cet \u00e9v\u00e9nement et d&rsquo;avoir pr\u00e9sent\u00e9 au public nos nouveaut\u00e9s du catalogue Onsen. Le grand int\u00e9r\u00eat manifest\u00e9 par les visiteurs nous a confirm\u00e9 que nous travaillons dans la bonne direction et nous a donn\u00e9 la motivation de continuer \u00e0 investir dans la recherche et le d\u00e9veloppement\u00a0\u00bb.<\/p>\n\n\n\n<p class=\"has-text-align-left has-text-color wp-block-paragraph\" style=\"color:#1d1d1b;font-size:25px;font-style:normal;font-weight:300\"><em>FA remercie tous les visiteurs et invite tous les passionn\u00e9s du secteur \u00e0 rester \u00e0 l&rsquo;\u00e9coute des prochaines actualit\u00e9s. Le rendez-vous est en 2025 pour la prochaine \u00e9dition du salon ISH, o\u00f9 FA pr\u00e9sentera certainement d&rsquo;autres solutions innovantes pour la salle de bain<\/em>.<\/p>\n<\/div><\/div>\n<\/div><\/div><\/section>\n<\/div>\n<\/div>\n<\/div><\/section>\n\n\n\n<section id=\"gm319da67\" class=\"wp-block-gutentor-m3 alignfull section-gm319da67 gutentor-module gutentor-container-cover has-color-bg has-custom-bg\"><div class=\"grid-container gutentor-rm-ct-space-d\">\n<div class=\"wp-block-columns margine-standard has-background is-layout-flex wp-container-core-columns-is-layout-8f761849 wp-block-columns-is-layout-flex\" style=\"background-color:#e5e5e5\">\n<div class=\"wp-block-column is-layout-flow wp-block-column-is-layout-flow\">\n<section id=\"gm593c1fe\" class=\"wp-block-gutentor-m4 section-gm593c1fe gutentor-module gutentor-advanced-columns\"><div class=\"grid-container\"><div class=\"grid-row\">\n<div id=\"col-gm18fda2\" class=\"wp-block-gutentor-m4-col col-gm18fda2 gutentor-single-column  grid-lg-12 grid-md-12 grid-12\"><div id=\"section-gm18fda2\" class=\"section-gm18fda2 gutentor-col-wrap\">\n<h2 class=\"wp-block-heading has-text-align-center has-text-color\" style=\"color:#6d6d6d;font-size:25px\">Les derni\u00e8res nouvelles<\/h2>\n\n\n<section class=\"gutentor-post-module section-b146e725-5b68-4222-8c50-9ccae7676669 gutentor-post-module-p1 gutentor_p1_template1 wp-block-gutentor-p1 gutentor-blog-grid\" id=\"\" data-gbid=\"b146e725-5b68-4222-8c50-9ccae7676669\" >\n<div class='grid-container'><div class='grid-row' ><article class='gutentor-post  grid-lg-4 grid-md-4 grid-12'><div class='gutentor-post-item'><div class='gutentor-post-image-box'><div class=\"gutentor-image-thumb\"><img loading=\"lazy\" decoding=\"async\" width=\"900\" height=\"765\" src=\"https:\/\/www.onsen.it\/wp-content\/uploads\/2026\/06\/News-salone-copertina.jpg\" class=\"attachment-full size-full wp-post-image\" alt=\"\" srcset=\"https:\/\/www.onsen.it\/wp-content\/uploads\/2026\/06\/News-salone-copertina.jpg 900w, https:\/\/www.onsen.it\/wp-content\/uploads\/2026\/06\/News-salone-copertina-300x255.jpg 300w, https:\/\/www.onsen.it\/wp-content\/uploads\/2026\/06\/News-salone-copertina-768x653.jpg 768w, https:\/\/www.onsen.it\/wp-content\/uploads\/2026\/06\/News-salone-copertina-540x459.jpg 540w\" sizes=\"auto, (max-width: 900px) 100vw, 900px\" \/><\/div><\/div><div class=\"gutentor-post-title-data-wrap\"><h3 class=\"gutentor-post-title\"><a href=\"https:\/\/www.onsen.it\/fr\/salone-del-mobile-2026\/\" rel=\"bookmark\">Salone del Mobile 2026<\/a><\/h3><\/div><div class=\"gutentor-entry-meta gutentor-entry-meta-primary\"><div class=\"author vcard\"><i class=\"far fa-user\"><\/i><a href=\"https:\/\/www.onsen.it\/fr\/salone-del-mobile-2026\/\" rel=\"bookmark\">Pierpaolo<\/a><\/div><div class=\"posted-on\"><i class=\"far fa-calendar-alt\"><\/i><a href=\"https:\/\/www.onsen.it\/fr\/salone-del-mobile-2026\/\" rel=\"bookmark\">4 juin 2026<\/a><\/div><div class=\"gutentor-meta-categories\"><i class=\"fas fa-tags\"><\/i><a href=\"https:\/\/www.onsen.it\/fr\/category\/fiere-fr\/\" rel=\"category tag\">Foires<\/a><\/div><\/div><div class=\"gutentor-post-desc\">Nous avons pr\u00e9sent\u00e9 en avant-premi\u00e8re les nouvelles collections Onsen au Salone del Mobile Milano 20&hellip;<\/div><a class=\"gutentor-button gutentor-post-button gutentor-icon-after\"  href=\"https:\/\/www.onsen.it\/fr\/salone-del-mobile-2026\/\" href=\"https:\/\/www.onsen.it\/fr\/salone-del-mobile-2026\/\"><i class=\"gutentor-button-icon far fa-arrow-alt-circle-right\" ><\/i><span>Lisez<\/span><\/a><\/div><\/article><article class='gutentor-post  grid-lg-4 grid-md-4 grid-12'><div class='gutentor-post-item'><div class='gutentor-post-image-box'><div class=\"gutentor-image-thumb\"><img loading=\"lazy\" decoding=\"async\" width=\"900\" height=\"765\" src=\"https:\/\/www.onsen.it\/wp-content\/uploads\/2026\/06\/News-big5-2025-copertina.jpg\" class=\"attachment-full size-full wp-post-image\" alt=\"\" srcset=\"https:\/\/www.onsen.it\/wp-content\/uploads\/2026\/06\/News-big5-2025-copertina.jpg 900w, https:\/\/www.onsen.it\/wp-content\/uploads\/2026\/06\/News-big5-2025-copertina-300x255.jpg 300w, https:\/\/www.onsen.it\/wp-content\/uploads\/2026\/06\/News-big5-2025-copertina-768x653.jpg 768w, https:\/\/www.onsen.it\/wp-content\/uploads\/2026\/06\/News-big5-2025-copertina-540x459.jpg 540w\" sizes=\"auto, (max-width: 900px) 100vw, 900px\" \/><\/div><\/div><div class=\"gutentor-post-title-data-wrap\"><h3 class=\"gutentor-post-title\"><a href=\"https:\/\/www.onsen.it\/fr\/big-5-global-2025\/\" rel=\"bookmark\">Big 5 Global 2025<\/a><\/h3><\/div><div class=\"gutentor-entry-meta gutentor-entry-meta-primary\"><div class=\"author vcard\"><i class=\"far fa-user\"><\/i><a href=\"https:\/\/www.onsen.it\/fr\/big-5-global-2025\/\" rel=\"bookmark\">Pierpaolo<\/a><\/div><div class=\"posted-on\"><i class=\"far fa-calendar-alt\"><\/i><a href=\"https:\/\/www.onsen.it\/fr\/big-5-global-2025\/\" rel=\"bookmark\">4 juin 2026<\/a><\/div><div class=\"gutentor-meta-categories\"><i class=\"fas fa-tags\"><\/i><a href=\"https:\/\/www.onsen.it\/fr\/category\/fiere-fr\/\" rel=\"category tag\">Foires<\/a><\/div><\/div><div class=\"gutentor-post-desc\">Nous avons particip\u00e9 au Big 5 Dubai 2025 en pr\u00e9sentant les nouvelles collections Onsen&hellip;<\/div><a class=\"gutentor-button gutentor-post-button gutentor-icon-after\"  href=\"https:\/\/www.onsen.it\/fr\/big-5-global-2025\/\" href=\"https:\/\/www.onsen.it\/fr\/big-5-global-2025\/\"><i class=\"gutentor-button-icon far fa-arrow-alt-circle-right\" ><\/i><span>Lisez<\/span><\/a><\/div><\/article><article class='gutentor-post  grid-lg-4 grid-md-4 grid-12'><div class='gutentor-post-item'><div class='gutentor-post-image-box'><div class=\"gutentor-image-thumb\"><img loading=\"lazy\" decoding=\"async\" width=\"900\" height=\"765\" src=\"https:\/\/www.onsen.it\/wp-content\/uploads\/2025\/09\/Fusion-per-anteprima-News.jpg\" class=\"attachment-full size-full wp-post-image\" alt=\"\" srcset=\"https:\/\/www.onsen.it\/wp-content\/uploads\/2025\/09\/Fusion-per-anteprima-News.jpg 900w, https:\/\/www.onsen.it\/wp-content\/uploads\/2025\/09\/Fusion-per-anteprima-News-300x255.jpg 300w, https:\/\/www.onsen.it\/wp-content\/uploads\/2025\/09\/Fusion-per-anteprima-News-768x653.jpg 768w, https:\/\/www.onsen.it\/wp-content\/uploads\/2025\/09\/Fusion-per-anteprima-News-540x459.jpg 540w\" sizes=\"auto, (max-width: 900px) 100vw, 900px\" \/><\/div><\/div><div class=\"gutentor-post-title-data-wrap\"><h3 class=\"gutentor-post-title\"><a href=\"https:\/\/www.onsen.it\/fr\/fusion\/\" rel=\"bookmark\">Fusion<\/a><\/h3><\/div><div class=\"gutentor-entry-meta gutentor-entry-meta-primary\"><div class=\"author vcard\"><i class=\"far fa-user\"><\/i><a href=\"https:\/\/www.onsen.it\/fr\/fusion\/\" rel=\"bookmark\">Pierpaolo<\/a><\/div><div class=\"posted-on\"><i class=\"far fa-calendar-alt\"><\/i><a href=\"https:\/\/www.onsen.it\/fr\/fusion\/\" rel=\"bookmark\">19 septembre 2025<\/a><\/div><div class=\"gutentor-meta-categories\"><i class=\"fas fa-tags\"><\/i><a href=\"https:\/\/www.onsen.it\/fr\/category\/innovazione-fr\/\" rel=\"category tag\">Innovation<\/a><\/div><\/div><div class=\"gutentor-post-desc\">Fusion se distingue par ses surfaces m\u00e9talliques et ses reflets en aluminium qui apportent \u00e9l\u00e9gance &hellip;<\/div><a class=\"gutentor-button gutentor-post-button gutentor-icon-after\"  href=\"https:\/\/www.onsen.it\/fr\/fusion\/\" href=\"https:\/\/www.onsen.it\/fr\/fusion\/\"><i class=\"gutentor-button-icon far fa-arrow-alt-circle-right\" ><\/i><span>Lisez<\/span><\/a><\/div><\/article><\/div><\/div><\/section><\/div><\/div>\n<\/div><\/div><\/section>\n<\/div>\n<\/div>\n<\/div><\/section>\n","protected":false},"excerpt":{"rendered":"<p>FA fait ses d\u00e9buts au salon ISH: grand succ\u00e8s pour les nouveaut\u00e9s du catalogue Onsen<\/p>\n","protected":false},"author":1,"featured_media":3260,"comment_status":"closed","ping_status":"closed","sticky":false,"template":"","format":"standard","meta":{"footnotes":""},"categories":[39],"tags":[],"class_list":["post-3320","post","type-post","status-publish","format-standard","has-post-thumbnail","hentry","category-fiere-fr"],"gutentor_comment":0,"yoast_head":"<!-- This site is optimized with the Yoast SEO plugin v27.9 - https:\/\/yoast.com\/product\/yoast-seo-wordpress\/ -->\n<title>ISH 2023 - Onsen<\/title>\n<meta name=\"robots\" content=\"index, follow, max-snippet:-1, max-image-preview:large, max-video-preview:-1\" \/>\n<link rel=\"canonical\" href=\"https:\/\/www.onsen.it\/fr\/ish\/\" \/>\n<meta property=\"og:locale\" content=\"fr_FR\" \/>\n<meta property=\"og:type\" content=\"article\" \/>\n<meta property=\"og:title\" content=\"ISH 2023 - Onsen\" \/>\n<meta property=\"og:description\" content=\"FA fait ses d\u00e9buts au salon ISH: grand succ\u00e8s pour les nouveaut\u00e9s du catalogue Onsen\" \/>\n<meta property=\"og:url\" content=\"https:\/\/www.onsen.it\/fr\/ish\/\" \/>\n<meta property=\"og:site_name\" content=\"Onsen\" \/>\n<meta property=\"article:published_time\" content=\"2023-03-10T14:09:31+00:00\" \/>\n<meta property=\"article:modified_time\" content=\"2023-09-22T08:51:38+00:00\" \/>\n<meta property=\"og:image\" content=\"https:\/\/www.onsen.it\/wp-content\/uploads\/2023\/09\/ISH-2023-Banner.jpg\" \/>\n\t<meta property=\"og:image:width\" content=\"900\" \/>\n\t<meta property=\"og:image:height\" content=\"767\" \/>\n\t<meta property=\"og:image:type\" content=\"image\/jpeg\" \/>\n<meta name=\"author\" content=\"Onsen\" \/>\n<meta name=\"twitter:card\" content=\"summary_large_image\" \/>\n<meta name=\"twitter:label1\" content=\"\u00c9crit par\" \/>\n\t<meta name=\"twitter:data1\" content=\"Onsen\" \/>\n\t<meta name=\"twitter:label2\" content=\"Dur\u00e9e de lecture estim\u00e9e\" \/>\n\t<meta name=\"twitter:data2\" content=\"2 minutes\" \/>\n<script type=\"application\/ld+json\" class=\"yoast-schema-graph\">{\"@context\":\"https:\\\/\\\/schema.org\",\"@graph\":[{\"@type\":\"Article\",\"@id\":\"https:\\\/\\\/www.onsen.it\\\/fr\\\/ish\\\/#article\",\"isPartOf\":{\"@id\":\"https:\\\/\\\/www.onsen.it\\\/fr\\\/ish\\\/\"},\"author\":{\"name\":\"Onsen\",\"@id\":\"https:\\\/\\\/www.onsen.it\\\/#\\\/schema\\\/person\\\/401ade7a40b056e417eaa31fb421d80c\"},\"headline\":\"ISH 2023\",\"datePublished\":\"2023-03-10T14:09:31+00:00\",\"dateModified\":\"2023-09-22T08:51:38+00:00\",\"mainEntityOfPage\":{\"@id\":\"https:\\\/\\\/www.onsen.it\\\/fr\\\/ish\\\/\"},\"wordCount\":278,\"publisher\":{\"@id\":\"https:\\\/\\\/www.onsen.it\\\/#organization\"},\"image\":{\"@id\":\"https:\\\/\\\/www.onsen.it\\\/fr\\\/ish\\\/#primaryimage\"},\"thumbnailUrl\":\"https:\\\/\\\/www.onsen.it\\\/wp-content\\\/uploads\\\/2023\\\/09\\\/ISH-2023-Banner.jpg\",\"articleSection\":[\"Foires\"],\"inLanguage\":\"fr-FR\"},{\"@type\":\"WebPage\",\"@id\":\"https:\\\/\\\/www.onsen.it\\\/fr\\\/ish\\\/\",\"url\":\"https:\\\/\\\/www.onsen.it\\\/fr\\\/ish\\\/\",\"name\":\"ISH 2023 - Onsen\",\"isPartOf\":{\"@id\":\"https:\\\/\\\/www.onsen.it\\\/#website\"},\"primaryImageOfPage\":{\"@id\":\"https:\\\/\\\/www.onsen.it\\\/fr\\\/ish\\\/#primaryimage\"},\"image\":{\"@id\":\"https:\\\/\\\/www.onsen.it\\\/fr\\\/ish\\\/#primaryimage\"},\"thumbnailUrl\":\"https:\\\/\\\/www.onsen.it\\\/wp-content\\\/uploads\\\/2023\\\/09\\\/ISH-2023-Banner.jpg\",\"datePublished\":\"2023-03-10T14:09:31+00:00\",\"dateModified\":\"2023-09-22T08:51:38+00:00\",\"inLanguage\":\"fr-FR\",\"potentialAction\":[{\"@type\":\"ReadAction\",\"target\":[\"https:\\\/\\\/www.onsen.it\\\/fr\\\/ish\\\/\"]}]},{\"@type\":\"ImageObject\",\"inLanguage\":\"fr-FR\",\"@id\":\"https:\\\/\\\/www.onsen.it\\\/fr\\\/ish\\\/#primaryimage\",\"url\":\"https:\\\/\\\/www.onsen.it\\\/wp-content\\\/uploads\\\/2023\\\/09\\\/ISH-2023-Banner.jpg\",\"contentUrl\":\"https:\\\/\\\/www.onsen.it\\\/wp-content\\\/uploads\\\/2023\\\/09\\\/ISH-2023-Banner.jpg\",\"width\":900,\"height\":767},{\"@type\":\"WebSite\",\"@id\":\"https:\\\/\\\/www.onsen.it\\\/#website\",\"url\":\"https:\\\/\\\/www.onsen.it\\\/\",\"name\":\"Onsen\",\"description\":\"Da ormai 40 anni Falegnameria Adriatica \u00e8 protagonista nel realizzare mobili e complementi da bagno coniugando, come nella migliore tradizione italiana, funzionalit\u00e0 e design.\",\"publisher\":{\"@id\":\"https:\\\/\\\/www.onsen.it\\\/#organization\"},\"potentialAction\":[{\"@type\":\"SearchAction\",\"target\":{\"@type\":\"EntryPoint\",\"urlTemplate\":\"https:\\\/\\\/www.onsen.it\\\/?s={search_term_string}\"},\"query-input\":{\"@type\":\"PropertyValueSpecification\",\"valueRequired\":true,\"valueName\":\"search_term_string\"}}],\"inLanguage\":\"fr-FR\"},{\"@type\":\"Organization\",\"@id\":\"https:\\\/\\\/www.onsen.it\\\/#organization\",\"name\":\"Onsen\",\"url\":\"https:\\\/\\\/www.onsen.it\\\/\",\"logo\":{\"@type\":\"ImageObject\",\"inLanguage\":\"fr-FR\",\"@id\":\"https:\\\/\\\/www.onsen.it\\\/#\\\/schema\\\/logo\\\/image\\\/\",\"url\":\"https:\\\/\\\/www.onsen.it\\\/wp-content\\\/uploads\\\/2023\\\/04\\\/Logo-Onsen-scuro.svg\",\"contentUrl\":\"https:\\\/\\\/www.onsen.it\\\/wp-content\\\/uploads\\\/2023\\\/04\\\/Logo-Onsen-scuro.svg\",\"width\":74,\"height\":46,\"caption\":\"Onsen\"},\"image\":{\"@id\":\"https:\\\/\\\/www.onsen.it\\\/#\\\/schema\\\/logo\\\/image\\\/\"}},{\"@type\":\"Person\",\"@id\":\"https:\\\/\\\/www.onsen.it\\\/#\\\/schema\\\/person\\\/401ade7a40b056e417eaa31fb421d80c\",\"name\":\"Onsen\",\"image\":{\"@type\":\"ImageObject\",\"inLanguage\":\"fr-FR\",\"@id\":\"https:\\\/\\\/secure.gravatar.com\\\/avatar\\\/b64178a505ee49db26e82c40e763d53b12eb7eebb18c57da77ef7efb5417d95e?s=96&d=mm&r=g\",\"url\":\"https:\\\/\\\/secure.gravatar.com\\\/avatar\\\/b64178a505ee49db26e82c40e763d53b12eb7eebb18c57da77ef7efb5417d95e?s=96&d=mm&r=g\",\"contentUrl\":\"https:\\\/\\\/secure.gravatar.com\\\/avatar\\\/b64178a505ee49db26e82c40e763d53b12eb7eebb18c57da77ef7efb5417d95e?s=96&d=mm&r=g\",\"caption\":\"Onsen\"},\"sameAs\":[\"http:\\\/\\\/onsen.damcoagency.it\"],\"url\":\"https:\\\/\\\/www.onsen.it\\\/fr\\\/author\\\/onsen\\\/\"}]}<\/script>\n<!-- \/ Yoast SEO plugin. -->","yoast_head_json":{"title":"ISH 2023 - Onsen","robots":{"index":"index","follow":"follow","max-snippet":"max-snippet:-1","max-image-preview":"max-image-preview:large","max-video-preview":"max-video-preview:-1"},"canonical":"https:\/\/www.onsen.it\/fr\/ish\/","og_locale":"fr_FR","og_type":"article","og_title":"ISH 2023 - Onsen","og_description":"FA fait ses d\u00e9buts au salon ISH: grand succ\u00e8s pour les nouveaut\u00e9s du catalogue Onsen","og_url":"https:\/\/www.onsen.it\/fr\/ish\/","og_site_name":"Onsen","article_published_time":"2023-03-10T14:09:31+00:00","article_modified_time":"2023-09-22T08:51:38+00:00","og_image":[{"width":900,"height":767,"url":"https:\/\/www.onsen.it\/wp-content\/uploads\/2023\/09\/ISH-2023-Banner.jpg","type":"image\/jpeg"}],"author":"Onsen","twitter_card":"summary_large_image","twitter_misc":{"\u00c9crit par":"Onsen","Dur\u00e9e de lecture estim\u00e9e":"2 minutes"},"schema":{"@context":"https:\/\/schema.org","@graph":[{"@type":"Article","@id":"https:\/\/www.onsen.it\/fr\/ish\/#article","isPartOf":{"@id":"https:\/\/www.onsen.it\/fr\/ish\/"},"author":{"name":"Onsen","@id":"https:\/\/www.onsen.it\/#\/schema\/person\/401ade7a40b056e417eaa31fb421d80c"},"headline":"ISH 2023","datePublished":"2023-03-10T14:09:31+00:00","dateModified":"2023-09-22T08:51:38+00:00","mainEntityOfPage":{"@id":"https:\/\/www.onsen.it\/fr\/ish\/"},"wordCount":278,"publisher":{"@id":"https:\/\/www.onsen.it\/#organization"},"image":{"@id":"https:\/\/www.onsen.it\/fr\/ish\/#primaryimage"},"thumbnailUrl":"https:\/\/www.onsen.it\/wp-content\/uploads\/2023\/09\/ISH-2023-Banner.jpg","articleSection":["Foires"],"inLanguage":"fr-FR"},{"@type":"WebPage","@id":"https:\/\/www.onsen.it\/fr\/ish\/","url":"https:\/\/www.onsen.it\/fr\/ish\/","name":"ISH 2023 - Onsen","isPartOf":{"@id":"https:\/\/www.onsen.it\/#website"},"primaryImageOfPage":{"@id":"https:\/\/www.onsen.it\/fr\/ish\/#primaryimage"},"image":{"@id":"https:\/\/www.onsen.it\/fr\/ish\/#primaryimage"},"thumbnailUrl":"https:\/\/www.onsen.it\/wp-content\/uploads\/2023\/09\/ISH-2023-Banner.jpg","datePublished":"2023-03-10T14:09:31+00:00","dateModified":"2023-09-22T08:51:38+00:00","inLanguage":"fr-FR","potentialAction":[{"@type":"ReadAction","target":["https:\/\/www.onsen.it\/fr\/ish\/"]}]},{"@type":"ImageObject","inLanguage":"fr-FR","@id":"https:\/\/www.onsen.it\/fr\/ish\/#primaryimage","url":"https:\/\/www.onsen.it\/wp-content\/uploads\/2023\/09\/ISH-2023-Banner.jpg","contentUrl":"https:\/\/www.onsen.it\/wp-content\/uploads\/2023\/09\/ISH-2023-Banner.jpg","width":900,"height":767},{"@type":"WebSite","@id":"https:\/\/www.onsen.it\/#website","url":"https:\/\/www.onsen.it\/","name":"Onsen","description":"Da ormai 40 anni Falegnameria Adriatica \u00e8 protagonista nel realizzare mobili e complementi da bagno coniugando, come nella migliore tradizione italiana, funzionalit\u00e0 e design.","publisher":{"@id":"https:\/\/www.onsen.it\/#organization"},"potentialAction":[{"@type":"SearchAction","target":{"@type":"EntryPoint","urlTemplate":"https:\/\/www.onsen.it\/?s={search_term_string}"},"query-input":{"@type":"PropertyValueSpecification","valueRequired":true,"valueName":"search_term_string"}}],"inLanguage":"fr-FR"},{"@type":"Organization","@id":"https:\/\/www.onsen.it\/#organization","name":"Onsen","url":"https:\/\/www.onsen.it\/","logo":{"@type":"ImageObject","inLanguage":"fr-FR","@id":"https:\/\/www.onsen.it\/#\/schema\/logo\/image\/","url":"https:\/\/www.onsen.it\/wp-content\/uploads\/2023\/04\/Logo-Onsen-scuro.svg","contentUrl":"https:\/\/www.onsen.it\/wp-content\/uploads\/2023\/04\/Logo-Onsen-scuro.svg","width":74,"height":46,"caption":"Onsen"},"image":{"@id":"https:\/\/www.onsen.it\/#\/schema\/logo\/image\/"}},{"@type":"Person","@id":"https:\/\/www.onsen.it\/#\/schema\/person\/401ade7a40b056e417eaa31fb421d80c","name":"Onsen","image":{"@type":"ImageObject","inLanguage":"fr-FR","@id":"https:\/\/secure.gravatar.com\/avatar\/b64178a505ee49db26e82c40e763d53b12eb7eebb18c57da77ef7efb5417d95e?s=96&d=mm&r=g","url":"https:\/\/secure.gravatar.com\/avatar\/b64178a505ee49db26e82c40e763d53b12eb7eebb18c57da77ef7efb5417d95e?s=96&d=mm&r=g","contentUrl":"https:\/\/secure.gravatar.com\/avatar\/b64178a505ee49db26e82c40e763d53b12eb7eebb18c57da77ef7efb5417d95e?s=96&d=mm&r=g","caption":"Onsen"},"sameAs":["http:\/\/onsen.damcoagency.it"],"url":"https:\/\/www.onsen.it\/fr\/author\/onsen\/"}]}},"featured_image_src":"https:\/\/www.onsen.it\/wp-content\/uploads\/2023\/09\/ISH-2023-Banner.jpg","featured_image_src_square":"https:\/\/www.onsen.it\/wp-content\/uploads\/2023\/09\/ISH-2023-Banner.jpg","author_info":{"display_name":"Onsen","author_link":"https:\/\/www.onsen.it\/fr\/author\/onsen\/"},"rbea_author_info":{"display_name":"Onsen","author_link":"https:\/\/www.onsen.it\/fr\/author\/onsen\/"},"rbea_excerpt_info":"FA fait ses d\u00e9buts au salon ISH: grand succ\u00e8s pour les nouveaut\u00e9s du catalogue Onsen","category_list":"<a href=\"https:\/\/www.onsen.it\/fr\/category\/fiere-fr\/\" rel=\"category tag\">Foires<\/a>","comments_num":"0 comments","_links":{"self":[{"href":"https:\/\/www.onsen.it\/fr\/wp-json\/wp\/v2\/posts\/3320","targetHints":{"allow":["GET"]}}],"collection":[{"href":"https:\/\/www.onsen.it\/fr\/wp-json\/wp\/v2\/posts"}],"about":[{"href":"https:\/\/www.onsen.it\/fr\/wp-json\/wp\/v2\/types\/post"}],"author":[{"embeddable":true,"href":"https:\/\/www.onsen.it\/fr\/wp-json\/wp\/v2\/users\/1"}],"replies":[{"embeddable":true,"href":"https:\/\/www.onsen.it\/fr\/wp-json\/wp\/v2\/comments?post=3320"}],"version-history":[{"count":4,"href":"https:\/\/www.onsen.it\/fr\/wp-json\/wp\/v2\/posts\/3320\/revisions"}],"predecessor-version":[{"id":3888,"href":"https:\/\/www.onsen.it\/fr\/wp-json\/wp\/v2\/posts\/3320\/revisions\/3888"}],"wp:featuredmedia":[{"embeddable":true,"href":"https:\/\/www.onsen.it\/fr\/wp-json\/wp\/v2\/media\/3260"}],"wp:attachment":[{"href":"https:\/\/www.onsen.it\/fr\/wp-json\/wp\/v2\/media?parent=3320"}],"wp:term":[{"taxonomy":"category","embeddable":true,"href":"https:\/\/www.onsen.it\/fr\/wp-json\/wp\/v2\/categories?post=3320"},{"taxonomy":"post_tag","embeddable":true,"href":"https:\/\/www.onsen.it\/fr\/wp-json\/wp\/v2\/tags?post=3320"}],"curies":[{"name":"wp","href":"https:\/\/api.w.org\/{rel}","templated":true}]}}