{"id":3300,"date":"2023-09-01T15:31:52","date_gmt":"2023-09-01T13:31:52","guid":{"rendered":"https:\/\/www.onsen.it\/opera\/"},"modified":"2023-09-22T11:23:09","modified_gmt":"2023-09-22T09:23:09","slug":"opera","status":"publish","type":"post","link":"https:\/\/www.onsen.it\/de\/opera\/","title":{"rendered":"Opera"},"content":{"rendered":"\n<section id=\"gm6c5309d\" class=\"wp-block-gutentor-m3 alignfull section-gm6c5309d gutentor-module gutentor-container-cover has-color-bg has-custom-bg margine-standard margine-top-hero-section\"><div class=\"grid-container gutentor-rm-ct-space-d\">\n<div class=\"wp-block-columns alignwide are-vertically-aligned-center margine-top-hero-section-azienda auto-margine is-layout-flex wp-container-core-columns-is-layout-8f761849 wp-block-columns-is-layout-flex\">\n<div class=\"wp-block-column is-vertically-aligned-center is-layout-flow wp-block-column-is-layout-flow\">\n<div style=\"height:250px\" aria-hidden=\"true\" class=\"wp-block-spacer spazio-vuoto-news-mobile\"><\/div>\n\n\n\n<div class=\"wp-block-getwid-icon-box button-back has-icon-left has-text-center\"><div style=\"margin-top:20px\" class=\"wp-block-getwid-icon-box__icon-container is-position-middle\"><a href=\"https:\/\/www.onsen.it\/de\/news\/\" rel=\"\" class=\"wp-block-getwid-icon-box__icon-wrapper has-text-color\" style=\"font-size:30px;color:#6d6d6d\"><i class=\"far fa-arrow-alt-circle-left\"><\/i><\/a><\/div><div class=\"wp-block-getwid-icon-box__content\">\n<h3 class=\"wp-block-heading has-text-color\" style=\"color:#6d6d6d\">Zur\u00fcck<\/h3>\n<\/div><\/div>\n\n\n\n<section id=\"gm3ff4f14\" class=\"wp-block-gutentor-m4 section-gm3ff4f14 gutentor-module gutentor-advanced-columns\"><div class=\"grid-container\"><div class=\"grid-row\">\n<div id=\"col-gm141df4\" class=\"wp-block-gutentor-m4-col col-gm141df4 gutentor-single-column  grid-lg-6 grid-md-12 grid-12\"><div id=\"section-gm141df4\" class=\"section-gm141df4 gutentor-col-wrap\"><h2 style=\"color:#6d6d6d;font-size:54px\" class=\"wp-block-post-title has-text-color\">Opera<\/h2><\/div><\/div>\n\n\n\n<div id=\"col-gm24d2cc\" class=\"wp-block-gutentor-m4-col col-gm24d2cc gutentor-single-column  grid-lg-6 grid-md-12 grid-12\"><div id=\"section-gm24d2cc\" class=\"section-gm24d2cc gutentor-col-wrap\"><div style=\"color:#adadad;font-size:30px\" class=\"has-text-align-right format-testo-normale testo-data-news-mobile wp-block-post-date has-text-color\"><time datetime=\"2023-09-01T15:31:52+02:00\">1. September 2023<\/time><\/div><\/div><\/div>\n<\/div><\/div><\/section>\n\n\n\n<section id=\"gmf18c995\" class=\"wp-block-gutentor-m4 section-gmf18c995 gutentor-module gutentor-advanced-columns gutentor-equal-column-height\"><div class=\"grid-container\"><div class=\"grid-row\">\n<div id=\"col-gm62b9e2\" class=\"wp-block-gutentor-m4-col col-gm62b9e2 gutentor-single-column  grid-lg-12 grid-md-12 grid-12 margine-standard\"><div id=\"section-gm62b9e2\" class=\"section-gm62b9e2 gutentor-col-wrap\">\n<figure class=\"wp-block-image alignfull size-full margine-standard\"><img loading=\"lazy\" decoding=\"async\" width=\"966\" height=\"393\" src=\"https:\/\/www.onsen.it\/\/wp-content\/uploads\/2023\/09\/Opera-News.jpg\" alt=\"\" class=\"wp-image-1963\" srcset=\"https:\/\/www.onsen.it\/wp-content\/uploads\/2023\/09\/Opera-News.jpg 966w, https:\/\/www.onsen.it\/wp-content\/uploads\/2023\/09\/Opera-News-300x122.jpg 300w, https:\/\/www.onsen.it\/wp-content\/uploads\/2023\/09\/Opera-News-768x312.jpg 768w, https:\/\/www.onsen.it\/wp-content\/uploads\/2023\/09\/Opera-News-540x220.jpg 540w\" sizes=\"auto, (max-width: 966px) 100vw, 966px\" \/><\/figure>\n<\/div><\/div>\n<\/div><\/div><\/section>\n<\/div>\n<\/div>\n\n\n\n<div class=\"wp-block-columns are-vertically-aligned-center has-buttons-text-background-color has-background is-layout-flex wp-container-core-columns-is-layout-8f761849 wp-block-columns-is-layout-flex\">\n<div class=\"wp-block-column is-vertically-aligned-center is-layout-flow wp-block-column-is-layout-flow\">\n<section id=\"gmb088e5a\" class=\"wp-block-gutentor-m4 section-gmb088e5a gutentor-module gutentor-advanced-columns\"><div class=\"grid-container\"><div class=\"grid-row\">\n<div id=\"col-gm6e4aa0\" class=\"wp-block-gutentor-m4-col col-gm6e4aa0 gutentor-single-column  grid-lg-12 grid-md-12 grid-12\"><div id=\"section-gm6e4aa0\" class=\"section-gm6e4aa0 gutentor-col-wrap\">\n<p class=\"has-text-align-left has-text-color wp-block-paragraph\" style=\"color:#1d1d1b;font-size:25px;font-style:normal;font-weight:300\">Falegnameria Adriatica k\u00fcndigt seine neue Badezimmerm\u00f6belkollektion namens Opera an. <br>Diese Kollektion verleiht dem Badezimmerbereich eine deutliche \u00e4sthetische Raffinesse, elegant und modern. <\/p>\n\n\n\n<p class=\"has-text-align-left font-mobile-piccolo has-text-color wp-block-paragraph\" style=\"color:#6d6d6d;font-size:20px;font-style:normal;font-weight:300\">Die neue Opera-Kollektion zeichnet sich durch die Besonderheit der gerippten Vorderseite aus. Ihre vielf\u00e4ltige Auswahl an Farben und Holzoberfl\u00e4chen, ihre Modularit\u00e4t mit offenen Zubeh\u00f6rteilen und T\u00fcren machen diese Serie f\u00fcr alle Raum- und Farbbed\u00fcrfnisse attraktiv.<\/p>\n\n\n\n<p class=\"has-text-align-left has-text-color wp-block-paragraph\" style=\"color:#1d1d1b;font-size:25px;font-style:normal;font-weight:300\"><em>Opera bietet eine breite Palette an L\u00f6sungen, mit der Neuheit der \u00e4sthetisch ansprechenden HPL-Arbeitsplatten und -Waschtischen, die die Komposition f\u00fcr jeden Badezimmerstil geeignet macht. Die Hochschr\u00e4nke, Wandelemente und alle Module vervollst\u00e4ndigen eine Kollektion, die f\u00fcr jeden Bedarf geeignet ist.<\/em><\/p>\n\n\n\n<p class=\"has-text-align-left font-mobile-piccolo has-text-color wp-block-paragraph\" style=\"color:#6d6d6d;font-size:20px;font-style:normal;font-weight:300\">Die Auswahl an warmen und intimen Materialien wie Holz wird durch sanfte und beruhigende Farben erg\u00e4nzt, um der Umgebung ein Gef\u00fchl der Ruhe und Entspannung zu verleihen. Besuchen Sie unsere Website, um alle Details und verf\u00fcgbaren Optionen f\u00fcr die neue Opera-Kollektion zu entdecken.<br>Machen Sie Ihr Badezimmer zu einer warmen und lebendigen Umgebung mit der neuen Opera-Kollektion von Falegnameria Adriatica.<\/p>\n<\/div><\/div>\n<\/div><\/div><\/section>\n<\/div>\n<\/div>\n<\/div><\/section>\n\n\n\n<section id=\"gm78b17d5\" class=\"wp-block-gutentor-m3 alignfull section-gm78b17d5 gutentor-module gutentor-container-cover has-color-bg has-custom-bg\"><div class=\"grid-container gutentor-rm-ct-space-d\">\n<div class=\"wp-block-columns margine-standard has-background is-layout-flex wp-container-core-columns-is-layout-8f761849 wp-block-columns-is-layout-flex\" style=\"background-color:#e5e5e5\">\n<div class=\"wp-block-column is-layout-flow wp-block-column-is-layout-flow\">\n<section id=\"gm7d17da8\" class=\"wp-block-gutentor-m4 section-gm7d17da8 gutentor-module gutentor-advanced-columns\"><div class=\"grid-container\"><div class=\"grid-row\">\n<div id=\"col-gmc50c0c\" class=\"wp-block-gutentor-m4-col col-gmc50c0c gutentor-single-column  grid-lg-12 grid-md-12 grid-12\"><div id=\"section-gmc50c0c\" class=\"section-gmc50c0c gutentor-col-wrap\">\n<h2 class=\"wp-block-heading has-text-align-center has-text-color\" style=\"color:#6d6d6d;font-size:25px\">Die neusten News<\/h2>\n\n\n<section class=\"gutentor-post-module section-5c08414f-7030-4459-96a8-b8643a351080 gutentor-post-module-p1 gutentor_p1_template1 wp-block-gutentor-p1 gutentor-blog-grid\" id=\"\" data-gbid=\"5c08414f-7030-4459-96a8-b8643a351080\" >\n<div class='grid-container'><div class='grid-row' ><article class='gutentor-post  grid-lg-4 grid-md-4 grid-12'><div class='gutentor-post-item'><div class='gutentor-post-image-box'><div class=\"gutentor-image-thumb\"><img loading=\"lazy\" decoding=\"async\" width=\"900\" height=\"765\" src=\"https:\/\/www.onsen.it\/wp-content\/uploads\/2026\/06\/News-salone-copertina.jpg\" class=\"attachment-full size-full wp-post-image\" alt=\"\" srcset=\"https:\/\/www.onsen.it\/wp-content\/uploads\/2026\/06\/News-salone-copertina.jpg 900w, https:\/\/www.onsen.it\/wp-content\/uploads\/2026\/06\/News-salone-copertina-300x255.jpg 300w, https:\/\/www.onsen.it\/wp-content\/uploads\/2026\/06\/News-salone-copertina-768x653.jpg 768w, https:\/\/www.onsen.it\/wp-content\/uploads\/2026\/06\/News-salone-copertina-540x459.jpg 540w\" sizes=\"auto, (max-width: 900px) 100vw, 900px\" \/><\/div><\/div><div class=\"gutentor-post-title-data-wrap\"><h3 class=\"gutentor-post-title\"><a href=\"https:\/\/www.onsen.it\/de\/salone-del-mobile-2026\/\" rel=\"bookmark\">Salone del Mobile 2026<\/a><\/h3><\/div><div class=\"gutentor-entry-meta gutentor-entry-meta-primary\"><div class=\"author vcard\"><i class=\"far fa-user\"><\/i><a href=\"https:\/\/www.onsen.it\/de\/salone-del-mobile-2026\/\" rel=\"bookmark\">Pierpaolo<\/a><\/div><div class=\"posted-on\"><i class=\"far fa-calendar-alt\"><\/i><a href=\"https:\/\/www.onsen.it\/de\/salone-del-mobile-2026\/\" rel=\"bookmark\">4. Juni 2026<\/a><\/div><div class=\"gutentor-meta-categories\"><i class=\"fas fa-tags\"><\/i><a href=\"https:\/\/www.onsen.it\/de\/category\/fiere-de\/\" rel=\"category tag\">Exhibitionen<\/a><\/div><\/div><div class=\"gutentor-post-desc\">Wir haben die neuen Onsen-Kollektionen auf dem Salone del Mobile Milano 2026 erstmals pr\u00e4sentiert&hellip;<\/div><a class=\"gutentor-button gutentor-post-button gutentor-icon-after\"  href=\"https:\/\/www.onsen.it\/de\/salone-del-mobile-2026\/\" href=\"https:\/\/www.onsen.it\/de\/salone-del-mobile-2026\/\"><i class=\"gutentor-button-icon far fa-arrow-alt-circle-right\" ><\/i><span>Lesen Sie weiter<\/span><\/a><\/div><\/article><article class='gutentor-post  grid-lg-4 grid-md-4 grid-12'><div class='gutentor-post-item'><div class='gutentor-post-image-box'><div class=\"gutentor-image-thumb\"><img loading=\"lazy\" decoding=\"async\" width=\"900\" height=\"765\" src=\"https:\/\/www.onsen.it\/wp-content\/uploads\/2026\/06\/News-big5-2025-copertina.jpg\" class=\"attachment-full size-full wp-post-image\" alt=\"\" srcset=\"https:\/\/www.onsen.it\/wp-content\/uploads\/2026\/06\/News-big5-2025-copertina.jpg 900w, https:\/\/www.onsen.it\/wp-content\/uploads\/2026\/06\/News-big5-2025-copertina-300x255.jpg 300w, https:\/\/www.onsen.it\/wp-content\/uploads\/2026\/06\/News-big5-2025-copertina-768x653.jpg 768w, https:\/\/www.onsen.it\/wp-content\/uploads\/2026\/06\/News-big5-2025-copertina-540x459.jpg 540w\" sizes=\"auto, (max-width: 900px) 100vw, 900px\" \/><\/div><\/div><div class=\"gutentor-post-title-data-wrap\"><h3 class=\"gutentor-post-title\"><a href=\"https:\/\/www.onsen.it\/de\/big-5-global-2025\/\" rel=\"bookmark\">Big 5 Global 2025<\/a><\/h3><\/div><div class=\"gutentor-entry-meta gutentor-entry-meta-primary\"><div class=\"author vcard\"><i class=\"far fa-user\"><\/i><a href=\"https:\/\/www.onsen.it\/de\/big-5-global-2025\/\" rel=\"bookmark\">Pierpaolo<\/a><\/div><div class=\"posted-on\"><i class=\"far fa-calendar-alt\"><\/i><a href=\"https:\/\/www.onsen.it\/de\/big-5-global-2025\/\" rel=\"bookmark\">4. Juni 2026<\/a><\/div><div class=\"gutentor-meta-categories\"><i class=\"fas fa-tags\"><\/i><a href=\"https:\/\/www.onsen.it\/de\/category\/fiere-de\/\" rel=\"category tag\">Exhibitionen<\/a><\/div><\/div><div class=\"gutentor-post-desc\">Wir haben an der Big 5 Dubai 2025 teilgenommen und dabei die neuen Onsen-Kollektionen pr\u00e4sentiert.&hellip;<\/div><a class=\"gutentor-button gutentor-post-button gutentor-icon-after\"  href=\"https:\/\/www.onsen.it\/de\/big-5-global-2025\/\" href=\"https:\/\/www.onsen.it\/de\/big-5-global-2025\/\"><i class=\"gutentor-button-icon far fa-arrow-alt-circle-right\" ><\/i><span>Lesen Sie weiter<\/span><\/a><\/div><\/article><article class='gutentor-post  grid-lg-4 grid-md-4 grid-12'><div class='gutentor-post-item'><div class='gutentor-post-image-box'><div class=\"gutentor-image-thumb\"><img loading=\"lazy\" decoding=\"async\" width=\"900\" height=\"765\" src=\"https:\/\/www.onsen.it\/wp-content\/uploads\/2025\/09\/Fusion-per-anteprima-News.jpg\" class=\"attachment-full size-full wp-post-image\" alt=\"\" srcset=\"https:\/\/www.onsen.it\/wp-content\/uploads\/2025\/09\/Fusion-per-anteprima-News.jpg 900w, https:\/\/www.onsen.it\/wp-content\/uploads\/2025\/09\/Fusion-per-anteprima-News-300x255.jpg 300w, https:\/\/www.onsen.it\/wp-content\/uploads\/2025\/09\/Fusion-per-anteprima-News-768x653.jpg 768w, https:\/\/www.onsen.it\/wp-content\/uploads\/2025\/09\/Fusion-per-anteprima-News-540x459.jpg 540w\" sizes=\"auto, (max-width: 900px) 100vw, 900px\" \/><\/div><\/div><div class=\"gutentor-post-title-data-wrap\"><h3 class=\"gutentor-post-title\"><a href=\"https:\/\/www.onsen.it\/de\/fusion\/\" rel=\"bookmark\">Fusion<\/a><\/h3><\/div><div class=\"gutentor-entry-meta gutentor-entry-meta-primary\"><div class=\"author vcard\"><i class=\"far fa-user\"><\/i><a href=\"https:\/\/www.onsen.it\/de\/fusion\/\" rel=\"bookmark\">Pierpaolo<\/a><\/div><div class=\"posted-on\"><i class=\"far fa-calendar-alt\"><\/i><a href=\"https:\/\/www.onsen.it\/de\/fusion\/\" rel=\"bookmark\">19. September 2025<\/a><\/div><div class=\"gutentor-meta-categories\"><i class=\"fas fa-tags\"><\/i><a href=\"https:\/\/www.onsen.it\/de\/category\/innovazione-de\/\" rel=\"category tag\">Innovationen<\/a><\/div><\/div><div class=\"gutentor-post-desc\">Fusion zeichnet sich durch metallische Oberfl\u00e4chen und Aluminiumreflexe aus, die Eleganz und visuell&hellip;<\/div><a class=\"gutentor-button gutentor-post-button gutentor-icon-after\"  href=\"https:\/\/www.onsen.it\/de\/fusion\/\" href=\"https:\/\/www.onsen.it\/de\/fusion\/\"><i class=\"gutentor-button-icon far fa-arrow-alt-circle-right\" ><\/i><span>Lesen Sie weiter<\/span><\/a><\/div><\/article><\/div><\/div><\/section><\/div><\/div>\n<\/div><\/div><\/section>\n<\/div>\n<\/div>\n<\/div><\/section>\n","protected":false},"excerpt":{"rendered":"<p>Die neue Opera-Kollektion zeichnet sich durch die Besonderheit der gerippten Vorderseite aus.<\/p>\n","protected":false},"author":2,"featured_media":3273,"comment_status":"closed","ping_status":"closed","sticky":false,"template":"","format":"standard","meta":{"footnotes":""},"categories":[36],"tags":[],"class_list":["post-3300","post","type-post","status-publish","format-standard","has-post-thumbnail","hentry","category-innovazione-de"],"gutentor_comment":0,"yoast_head":"<!-- This site is optimized with the Yoast SEO plugin v27.9 - https:\/\/yoast.com\/product\/yoast-seo-wordpress\/ -->\n<title>Opera - Onsen<\/title>\n<meta name=\"robots\" content=\"index, follow, max-snippet:-1, max-image-preview:large, max-video-preview:-1\" \/>\n<link rel=\"canonical\" href=\"https:\/\/www.onsen.it\/de\/opera\/\" \/>\n<meta property=\"og:locale\" content=\"de_DE\" \/>\n<meta property=\"og:type\" content=\"article\" \/>\n<meta property=\"og:title\" content=\"Opera - Onsen\" \/>\n<meta property=\"og:description\" content=\"Die neue Opera-Kollektion zeichnet sich durch die Besonderheit der gerippten Vorderseite aus.\" \/>\n<meta property=\"og:url\" content=\"https:\/\/www.onsen.it\/de\/opera\/\" \/>\n<meta property=\"og:site_name\" content=\"Onsen\" \/>\n<meta property=\"article:published_time\" content=\"2023-09-01T13:31:52+00:00\" \/>\n<meta property=\"article:modified_time\" content=\"2023-09-22T09:23:09+00:00\" \/>\n<meta property=\"og:image\" content=\"https:\/\/www.onsen.it\/wp-content\/uploads\/2023\/09\/Opera-Banner.jpg\" \/>\n\t<meta property=\"og:image:width\" content=\"900\" \/>\n\t<meta property=\"og:image:height\" content=\"767\" \/>\n\t<meta property=\"og:image:type\" content=\"image\/jpeg\" \/>\n<meta name=\"author\" content=\"Pierpaolo\" \/>\n<meta name=\"twitter:card\" content=\"summary_large_image\" \/>\n<meta name=\"twitter:label1\" content=\"Verfasst von\" \/>\n\t<meta name=\"twitter:data1\" content=\"Pierpaolo\" \/>\n\t<meta name=\"twitter:label2\" content=\"Gesch\u00e4tzte Lesezeit\" \/>\n\t<meta name=\"twitter:data2\" content=\"2\u00a0Minuten\" \/>\n<script type=\"application\/ld+json\" class=\"yoast-schema-graph\">{\"@context\":\"https:\\\/\\\/schema.org\",\"@graph\":[{\"@type\":\"Article\",\"@id\":\"https:\\\/\\\/www.onsen.it\\\/de\\\/opera\\\/#article\",\"isPartOf\":{\"@id\":\"https:\\\/\\\/www.onsen.it\\\/de\\\/opera\\\/\"},\"author\":{\"name\":\"Pierpaolo\",\"@id\":\"https:\\\/\\\/www.onsen.it\\\/#\\\/schema\\\/person\\\/d64d64470d331b2f1dc6b96e2cba7d5d\"},\"headline\":\"Opera\",\"datePublished\":\"2023-09-01T13:31:52+00:00\",\"dateModified\":\"2023-09-22T09:23:09+00:00\",\"mainEntityOfPage\":{\"@id\":\"https:\\\/\\\/www.onsen.it\\\/de\\\/opera\\\/\"},\"wordCount\":179,\"publisher\":{\"@id\":\"https:\\\/\\\/www.onsen.it\\\/#organization\"},\"image\":{\"@id\":\"https:\\\/\\\/www.onsen.it\\\/de\\\/opera\\\/#primaryimage\"},\"thumbnailUrl\":\"https:\\\/\\\/www.onsen.it\\\/wp-content\\\/uploads\\\/2023\\\/09\\\/Opera-Banner.jpg\",\"articleSection\":[\"Innovationen\"],\"inLanguage\":\"de\"},{\"@type\":\"WebPage\",\"@id\":\"https:\\\/\\\/www.onsen.it\\\/de\\\/opera\\\/\",\"url\":\"https:\\\/\\\/www.onsen.it\\\/de\\\/opera\\\/\",\"name\":\"Opera - Onsen\",\"isPartOf\":{\"@id\":\"https:\\\/\\\/www.onsen.it\\\/#website\"},\"primaryImageOfPage\":{\"@id\":\"https:\\\/\\\/www.onsen.it\\\/de\\\/opera\\\/#primaryimage\"},\"image\":{\"@id\":\"https:\\\/\\\/www.onsen.it\\\/de\\\/opera\\\/#primaryimage\"},\"thumbnailUrl\":\"https:\\\/\\\/www.onsen.it\\\/wp-content\\\/uploads\\\/2023\\\/09\\\/Opera-Banner.jpg\",\"datePublished\":\"2023-09-01T13:31:52+00:00\",\"dateModified\":\"2023-09-22T09:23:09+00:00\",\"inLanguage\":\"de\",\"potentialAction\":[{\"@type\":\"ReadAction\",\"target\":[\"https:\\\/\\\/www.onsen.it\\\/de\\\/opera\\\/\"]}]},{\"@type\":\"ImageObject\",\"inLanguage\":\"de\",\"@id\":\"https:\\\/\\\/www.onsen.it\\\/de\\\/opera\\\/#primaryimage\",\"url\":\"https:\\\/\\\/www.onsen.it\\\/wp-content\\\/uploads\\\/2023\\\/09\\\/Opera-Banner.jpg\",\"contentUrl\":\"https:\\\/\\\/www.onsen.it\\\/wp-content\\\/uploads\\\/2023\\\/09\\\/Opera-Banner.jpg\",\"width\":900,\"height\":767},{\"@type\":\"WebSite\",\"@id\":\"https:\\\/\\\/www.onsen.it\\\/#website\",\"url\":\"https:\\\/\\\/www.onsen.it\\\/\",\"name\":\"Onsen\",\"description\":\"Da ormai 40 anni Falegnameria Adriatica \u00e8 protagonista nel realizzare mobili e complementi da bagno coniugando, come nella migliore tradizione italiana, funzionalit\u00e0 e design.\",\"publisher\":{\"@id\":\"https:\\\/\\\/www.onsen.it\\\/#organization\"},\"potentialAction\":[{\"@type\":\"SearchAction\",\"target\":{\"@type\":\"EntryPoint\",\"urlTemplate\":\"https:\\\/\\\/www.onsen.it\\\/?s={search_term_string}\"},\"query-input\":{\"@type\":\"PropertyValueSpecification\",\"valueRequired\":true,\"valueName\":\"search_term_string\"}}],\"inLanguage\":\"de\"},{\"@type\":\"Organization\",\"@id\":\"https:\\\/\\\/www.onsen.it\\\/#organization\",\"name\":\"Onsen\",\"url\":\"https:\\\/\\\/www.onsen.it\\\/\",\"logo\":{\"@type\":\"ImageObject\",\"inLanguage\":\"de\",\"@id\":\"https:\\\/\\\/www.onsen.it\\\/#\\\/schema\\\/logo\\\/image\\\/\",\"url\":\"https:\\\/\\\/www.onsen.it\\\/wp-content\\\/uploads\\\/2023\\\/04\\\/Logo-Onsen-scuro.svg\",\"contentUrl\":\"https:\\\/\\\/www.onsen.it\\\/wp-content\\\/uploads\\\/2023\\\/04\\\/Logo-Onsen-scuro.svg\",\"width\":74,\"height\":46,\"caption\":\"Onsen\"},\"image\":{\"@id\":\"https:\\\/\\\/www.onsen.it\\\/#\\\/schema\\\/logo\\\/image\\\/\"}},{\"@type\":\"Person\",\"@id\":\"https:\\\/\\\/www.onsen.it\\\/#\\\/schema\\\/person\\\/d64d64470d331b2f1dc6b96e2cba7d5d\",\"name\":\"Pierpaolo\",\"image\":{\"@type\":\"ImageObject\",\"inLanguage\":\"de\",\"@id\":\"https:\\\/\\\/secure.gravatar.com\\\/avatar\\\/f2b7d7e3e6d64909e9534d6745de4d58ff67b56a8112fc5cade3313d76fd511a?s=96&d=mm&r=g\",\"url\":\"https:\\\/\\\/secure.gravatar.com\\\/avatar\\\/f2b7d7e3e6d64909e9534d6745de4d58ff67b56a8112fc5cade3313d76fd511a?s=96&d=mm&r=g\",\"contentUrl\":\"https:\\\/\\\/secure.gravatar.com\\\/avatar\\\/f2b7d7e3e6d64909e9534d6745de4d58ff67b56a8112fc5cade3313d76fd511a?s=96&d=mm&r=g\",\"caption\":\"Pierpaolo\"},\"url\":\"https:\\\/\\\/www.onsen.it\\\/de\\\/author\\\/pierpaolo_onsen\\\/\"}]}<\/script>\n<!-- \/ Yoast SEO plugin. -->","yoast_head_json":{"title":"Opera - Onsen","robots":{"index":"index","follow":"follow","max-snippet":"max-snippet:-1","max-image-preview":"max-image-preview:large","max-video-preview":"max-video-preview:-1"},"canonical":"https:\/\/www.onsen.it\/de\/opera\/","og_locale":"de_DE","og_type":"article","og_title":"Opera - Onsen","og_description":"Die neue Opera-Kollektion zeichnet sich durch die Besonderheit der gerippten Vorderseite aus.","og_url":"https:\/\/www.onsen.it\/de\/opera\/","og_site_name":"Onsen","article_published_time":"2023-09-01T13:31:52+00:00","article_modified_time":"2023-09-22T09:23:09+00:00","og_image":[{"width":900,"height":767,"url":"https:\/\/www.onsen.it\/wp-content\/uploads\/2023\/09\/Opera-Banner.jpg","type":"image\/jpeg"}],"author":"Pierpaolo","twitter_card":"summary_large_image","twitter_misc":{"Verfasst von":"Pierpaolo","Gesch\u00e4tzte Lesezeit":"2\u00a0Minuten"},"schema":{"@context":"https:\/\/schema.org","@graph":[{"@type":"Article","@id":"https:\/\/www.onsen.it\/de\/opera\/#article","isPartOf":{"@id":"https:\/\/www.onsen.it\/de\/opera\/"},"author":{"name":"Pierpaolo","@id":"https:\/\/www.onsen.it\/#\/schema\/person\/d64d64470d331b2f1dc6b96e2cba7d5d"},"headline":"Opera","datePublished":"2023-09-01T13:31:52+00:00","dateModified":"2023-09-22T09:23:09+00:00","mainEntityOfPage":{"@id":"https:\/\/www.onsen.it\/de\/opera\/"},"wordCount":179,"publisher":{"@id":"https:\/\/www.onsen.it\/#organization"},"image":{"@id":"https:\/\/www.onsen.it\/de\/opera\/#primaryimage"},"thumbnailUrl":"https:\/\/www.onsen.it\/wp-content\/uploads\/2023\/09\/Opera-Banner.jpg","articleSection":["Innovationen"],"inLanguage":"de"},{"@type":"WebPage","@id":"https:\/\/www.onsen.it\/de\/opera\/","url":"https:\/\/www.onsen.it\/de\/opera\/","name":"Opera - Onsen","isPartOf":{"@id":"https:\/\/www.onsen.it\/#website"},"primaryImageOfPage":{"@id":"https:\/\/www.onsen.it\/de\/opera\/#primaryimage"},"image":{"@id":"https:\/\/www.onsen.it\/de\/opera\/#primaryimage"},"thumbnailUrl":"https:\/\/www.onsen.it\/wp-content\/uploads\/2023\/09\/Opera-Banner.jpg","datePublished":"2023-09-01T13:31:52+00:00","dateModified":"2023-09-22T09:23:09+00:00","inLanguage":"de","potentialAction":[{"@type":"ReadAction","target":["https:\/\/www.onsen.it\/de\/opera\/"]}]},{"@type":"ImageObject","inLanguage":"de","@id":"https:\/\/www.onsen.it\/de\/opera\/#primaryimage","url":"https:\/\/www.onsen.it\/wp-content\/uploads\/2023\/09\/Opera-Banner.jpg","contentUrl":"https:\/\/www.onsen.it\/wp-content\/uploads\/2023\/09\/Opera-Banner.jpg","width":900,"height":767},{"@type":"WebSite","@id":"https:\/\/www.onsen.it\/#website","url":"https:\/\/www.onsen.it\/","name":"Onsen","description":"Da ormai 40 anni Falegnameria Adriatica \u00e8 protagonista nel realizzare mobili e complementi da bagno coniugando, come nella migliore tradizione italiana, funzionalit\u00e0 e design.","publisher":{"@id":"https:\/\/www.onsen.it\/#organization"},"potentialAction":[{"@type":"SearchAction","target":{"@type":"EntryPoint","urlTemplate":"https:\/\/www.onsen.it\/?s={search_term_string}"},"query-input":{"@type":"PropertyValueSpecification","valueRequired":true,"valueName":"search_term_string"}}],"inLanguage":"de"},{"@type":"Organization","@id":"https:\/\/www.onsen.it\/#organization","name":"Onsen","url":"https:\/\/www.onsen.it\/","logo":{"@type":"ImageObject","inLanguage":"de","@id":"https:\/\/www.onsen.it\/#\/schema\/logo\/image\/","url":"https:\/\/www.onsen.it\/wp-content\/uploads\/2023\/04\/Logo-Onsen-scuro.svg","contentUrl":"https:\/\/www.onsen.it\/wp-content\/uploads\/2023\/04\/Logo-Onsen-scuro.svg","width":74,"height":46,"caption":"Onsen"},"image":{"@id":"https:\/\/www.onsen.it\/#\/schema\/logo\/image\/"}},{"@type":"Person","@id":"https:\/\/www.onsen.it\/#\/schema\/person\/d64d64470d331b2f1dc6b96e2cba7d5d","name":"Pierpaolo","image":{"@type":"ImageObject","inLanguage":"de","@id":"https:\/\/secure.gravatar.com\/avatar\/f2b7d7e3e6d64909e9534d6745de4d58ff67b56a8112fc5cade3313d76fd511a?s=96&d=mm&r=g","url":"https:\/\/secure.gravatar.com\/avatar\/f2b7d7e3e6d64909e9534d6745de4d58ff67b56a8112fc5cade3313d76fd511a?s=96&d=mm&r=g","contentUrl":"https:\/\/secure.gravatar.com\/avatar\/f2b7d7e3e6d64909e9534d6745de4d58ff67b56a8112fc5cade3313d76fd511a?s=96&d=mm&r=g","caption":"Pierpaolo"},"url":"https:\/\/www.onsen.it\/de\/author\/pierpaolo_onsen\/"}]}},"featured_image_src":"https:\/\/www.onsen.it\/wp-content\/uploads\/2023\/09\/Opera-Banner.jpg","featured_image_src_square":"https:\/\/www.onsen.it\/wp-content\/uploads\/2023\/09\/Opera-Banner.jpg","author_info":{"display_name":"Pierpaolo","author_link":"https:\/\/www.onsen.it\/de\/author\/pierpaolo_onsen\/"},"rbea_author_info":{"display_name":"Pierpaolo","author_link":"https:\/\/www.onsen.it\/de\/author\/pierpaolo_onsen\/"},"rbea_excerpt_info":"Die neue Opera-Kollektion zeichnet sich durch die Besonderheit der gerippten Vorderseite aus.","category_list":"<a href=\"https:\/\/www.onsen.it\/de\/category\/innovazione-de\/\" rel=\"category tag\">Innovationen<\/a>","comments_num":"0 comments","_links":{"self":[{"href":"https:\/\/www.onsen.it\/de\/wp-json\/wp\/v2\/posts\/3300","targetHints":{"allow":["GET"]}}],"collection":[{"href":"https:\/\/www.onsen.it\/de\/wp-json\/wp\/v2\/posts"}],"about":[{"href":"https:\/\/www.onsen.it\/de\/wp-json\/wp\/v2\/types\/post"}],"author":[{"embeddable":true,"href":"https:\/\/www.onsen.it\/de\/wp-json\/wp\/v2\/users\/2"}],"replies":[{"embeddable":true,"href":"https:\/\/www.onsen.it\/de\/wp-json\/wp\/v2\/comments?post=3300"}],"version-history":[{"count":5,"href":"https:\/\/www.onsen.it\/de\/wp-json\/wp\/v2\/posts\/3300\/revisions"}],"predecessor-version":[{"id":3903,"href":"https:\/\/www.onsen.it\/de\/wp-json\/wp\/v2\/posts\/3300\/revisions\/3903"}],"wp:featuredmedia":[{"embeddable":true,"href":"https:\/\/www.onsen.it\/de\/wp-json\/wp\/v2\/media\/3273"}],"wp:attachment":[{"href":"https:\/\/www.onsen.it\/de\/wp-json\/wp\/v2\/media?parent=3300"}],"wp:term":[{"taxonomy":"category","embeddable":true,"href":"https:\/\/www.onsen.it\/de\/wp-json\/wp\/v2\/categories?post=3300"},{"taxonomy":"post_tag","embeddable":true,"href":"https:\/\/www.onsen.it\/de\/wp-json\/wp\/v2\/tags?post=3300"}],"curies":[{"name":"wp","href":"https:\/\/api.w.org\/{rel}","templated":true}]}}